{"id":6694,"date":"2021-07-08T10:41:11","date_gmt":"2021-07-08T13:41:11","guid":{"rendered":"http:\/\/www.obispadorqta.org.ar\/v3\/?p=6694"},"modified":"2021-07-08T10:42:17","modified_gmt":"2021-07-08T13:42:17","slug":"jornada-nacional-de-oracion-por-los-muertos-en-la-pandemia","status":"publish","type":"post","link":"https:\/\/www.obispadorqta.org.ar\/v3\/jornada-nacional-de-oracion-por-los-muertos-en-la-pandemia\/","title":{"rendered":"Jornada Nacional de Oraci\u00f3n por los muertos en la pandemia"},"content":{"rendered":"<p style=\"text-align: justify;\">A continuaci\u00f3n compartimos con ustedes la invitaci\u00f3n de la Comisi\u00f3n Ejecutiva de la Conferencia Episcopal Argentina a unirnos a la Jornada Nacional de Oraci\u00f3n por los muertos en la pandemia.<\/p>\n<p style=\"text-align: justify;\">\n<p style=\"text-align: center;\"><strong>Jornada Nacional de Oraci\u00f3n por los muertos en la pandemia<\/strong><\/p>\n<p style=\"text-align: justify;\">\n<p style=\"text-align: justify;\">La Conferencia Episcopal Argentina convoca a una Jornada Nacional de Oraci\u00f3n por los fallecidos a causa de la pandemia de Covid-19.<\/p>\n<p style=\"text-align: justify;\">\n<p style=\"text-align: justify;\">Invitamos a todas las comunidades del pa\u00eds a unirse en oraci\u00f3n el pr\u00f3ximo viernes 23 de julio de 2021 pidiendo al Se\u00f1or el eterno descanso de las v\u00edctimas y el consuelo y fortaleza de sus familiares y amigos.<\/p>\n<p style=\"text-align: justify;\">\n<p style=\"text-align: justify;\">Animamos a que ese d\u00eda se celebre la misa de difuntos en las catedrales, parroquias, capillas, cementerios y cinerarios. Tambi\u00e9n se pueden organizar otros momentos de oraci\u00f3n para recordar de manera particular a los muertos en cada comunidad, invitando a participar de manera presencial o virtual a familiares de acuerdo a las posibilidades e iniciativas de cada lugar en la observancia de las respectivas normas sanitarias.<\/p>\n<p style=\"text-align: justify;\">\n<p style=\"text-align: justify;\">La fe en Cristo muerto y resucitado renueve nuestra esperanza y nos fortalezca en esta dura situaci\u00f3n, uni\u00e9ndonos en el dolor por las p\u00e9rdidas y la confianza en la misericordia de Dios.<\/p>\n<p style=\"text-align: center;\"><strong>Buenos Aires, 6 de julio de 2021<\/strong><\/p>\n<p style=\"text-align: center;\"><strong>Comisi\u00f3n Ejecutiva<\/strong><\/p>\n<p style=\"text-align: center;\"><strong>Conferencia Episcopal Argentina<\/strong><\/p>\n<p style=\"text-align: justify;\">Asimismo, desde el Obispado de Reconquista, invitamos a las diferentes parroquias y comunidades, a hacer extensiva dicha jornada a todo el fin de semana, incluido el domingo 25 de julio, considerando las distintas realidades pastorales de cada parroquia, sea por las limitaciones de asistentes como la distancia a las Sedes parroquiales, permitiendo as\u00ed \u00a0poder celebrar esta Jornada Nacional de Oraci\u00f3n, a la mayor cantidad posible de personas, siempre respetando los protocolos establecidos en este contexto de pandemia.<\/p>\n","protected":false},"excerpt":{"rendered":"<div class=\"mh-excerpt\"><p>A continuaci\u00f3n compartimos con ustedes la invitaci\u00f3n de la Comisi\u00f3n Ejecutiva de la Conferencia Episcopal Argentina a unirnos a la Jornada Nacional de Oraci\u00f3n por <a class=\"mh-excerpt-more\" href=\"https:\/\/www.obispadorqta.org.ar\/v3\/jornada-nacional-de-oracion-por-los-muertos-en-la-pandemia\/\" title=\"Jornada Nacional de Oraci\u00f3n por los muertos en la pandemia\">[&#8230;]<\/a><\/p>\n<\/div>","protected":false},"author":2,"featured_media":4884,"comment_status":"closed","ping_status":"open","sticky":false,"template":"","format":"standard","meta":{"footnotes":""},"categories":[6,28],"tags":[],"class_list":["post-6694","post","type-post","status-publish","format-standard","has-post-thumbnail","hentry","category-news","category-latest-news"],"_links":{"self":[{"href":"https:\/\/www.obispadorqta.org.ar\/v3\/wp-json\/wp\/v2\/posts\/6694","targetHints":{"allow":["GET"]}}],"collection":[{"href":"https:\/\/www.obispadorqta.org.ar\/v3\/wp-json\/wp\/v2\/posts"}],"about":[{"href":"https:\/\/www.obispadorqta.org.ar\/v3\/wp-json\/wp\/v2\/types\/post"}],"author":[{"embeddable":true,"href":"https:\/\/www.obispadorqta.org.ar\/v3\/wp-json\/wp\/v2\/users\/2"}],"replies":[{"embeddable":true,"href":"https:\/\/www.obispadorqta.org.ar\/v3\/wp-json\/wp\/v2\/comments?post=6694"}],"version-history":[{"count":5,"href":"https:\/\/www.obispadorqta.org.ar\/v3\/wp-json\/wp\/v2\/posts\/6694\/revisions"}],"predecessor-version":[{"id":6699,"href":"https:\/\/www.obispadorqta.org.ar\/v3\/wp-json\/wp\/v2\/posts\/6694\/revisions\/6699"}],"wp:featuredmedia":[{"embeddable":true,"href":"https:\/\/www.obispadorqta.org.ar\/v3\/wp-json\/wp\/v2\/media\/4884"}],"wp:attachment":[{"href":"https:\/\/www.obispadorqta.org.ar\/v3\/wp-json\/wp\/v2\/media?parent=6694"}],"wp:term":[{"taxonomy":"category","embeddable":true,"href":"https:\/\/www.obispadorqta.org.ar\/v3\/wp-json\/wp\/v2\/categories?post=6694"},{"taxonomy":"post_tag","embeddable":true,"href":"https:\/\/www.obispadorqta.org.ar\/v3\/wp-json\/wp\/v2\/tags?post=6694"}],"curies":[{"name":"wp","href":"https:\/\/api.w.org\/{rel}","templated":true}]}}