{"id":6705,"date":"2021-07-12T11:50:03","date_gmt":"2021-07-12T14:50:03","guid":{"rendered":"http:\/\/www.obispadorqta.org.ar\/v3\/?p=6705"},"modified":"2021-07-12T11:50:28","modified_gmt":"2021-07-12T14:50:28","slug":"diplomatura-virtual-en-pastoral-educativa","status":"publish","type":"post","link":"https:\/\/www.obispadorqta.org.ar\/v3\/diplomatura-virtual-en-pastoral-educativa\/","title":{"rendered":"Diplomatura Virtual en Pastoral Educativa"},"content":{"rendered":"<p style=\"text-align: justify;\">Desde el Obispado de Reconquista, hacemos extensiva la invitaci\u00f3n de la Universidad Cat\u00f3lica de Santa Fe a todos aquellos que deseen y est\u00e9n interesado de participar de este espacio de formaci\u00f3n pastoral.<\/p>\n<p style=\"text-align: justify;\">Para m\u00e1s informaci\u00f3n, comunicarse a la Universidad Cat\u00f3lica de Santa Fe, al correo electr\u00f3nico: <strong>diplomaturapasteduc@ucsf.edu.ar<\/strong><\/p>\n\n\n<figure class=\"wp-block-image size-large\"><img loading=\"lazy\" decoding=\"async\" width=\"725\" height=\"1024\" src=\"https:\/\/www.obispadorqta.org.ar\/v3\/wp-content\/uploads\/2021\/07\/DIPLOMATURA-PASTORAL-EDUCATIVA-1_page-0001-725x1024.jpg\" alt=\"\" class=\"wp-image-6707\" srcset=\"https:\/\/www.obispadorqta.org.ar\/v3\/wp-content\/uploads\/2021\/07\/DIPLOMATURA-PASTORAL-EDUCATIVA-1_page-0001-725x1024.jpg 725w, https:\/\/www.obispadorqta.org.ar\/v3\/wp-content\/uploads\/2021\/07\/DIPLOMATURA-PASTORAL-EDUCATIVA-1_page-0001-212x300.jpg 212w, https:\/\/www.obispadorqta.org.ar\/v3\/wp-content\/uploads\/2021\/07\/DIPLOMATURA-PASTORAL-EDUCATIVA-1_page-0001-768x1085.jpg 768w, https:\/\/www.obispadorqta.org.ar\/v3\/wp-content\/uploads\/2021\/07\/DIPLOMATURA-PASTORAL-EDUCATIVA-1_page-0001-1087x1536.jpg 1087w, https:\/\/www.obispadorqta.org.ar\/v3\/wp-content\/uploads\/2021\/07\/DIPLOMATURA-PASTORAL-EDUCATIVA-1_page-0001.jpg 1241w\" sizes=\"auto, (max-width: 725px) 100vw, 725px\" \/><\/figure>\n\n\n\n<figure class=\"wp-block-image size-large\"><img loading=\"lazy\" decoding=\"async\" width=\"725\" height=\"1024\" src=\"https:\/\/www.obispadorqta.org.ar\/v3\/wp-content\/uploads\/2021\/07\/DIPLOMATURA-PASTORAL-EDUCATIVA-1_page-0002-725x1024.jpg\" alt=\"\" class=\"wp-image-6708\" srcset=\"https:\/\/www.obispadorqta.org.ar\/v3\/wp-content\/uploads\/2021\/07\/DIPLOMATURA-PASTORAL-EDUCATIVA-1_page-0002-725x1024.jpg 725w, https:\/\/www.obispadorqta.org.ar\/v3\/wp-content\/uploads\/2021\/07\/DIPLOMATURA-PASTORAL-EDUCATIVA-1_page-0002-212x300.jpg 212w, https:\/\/www.obispadorqta.org.ar\/v3\/wp-content\/uploads\/2021\/07\/DIPLOMATURA-PASTORAL-EDUCATIVA-1_page-0002-768x1085.jpg 768w, https:\/\/www.obispadorqta.org.ar\/v3\/wp-content\/uploads\/2021\/07\/DIPLOMATURA-PASTORAL-EDUCATIVA-1_page-0002-1087x1536.jpg 1087w, https:\/\/www.obispadorqta.org.ar\/v3\/wp-content\/uploads\/2021\/07\/DIPLOMATURA-PASTORAL-EDUCATIVA-1_page-0002.jpg 1241w\" sizes=\"auto, (max-width: 725px) 100vw, 725px\" \/><\/figure>\n\n\n\n<figure class=\"wp-block-image size-large\"><img loading=\"lazy\" decoding=\"async\" width=\"725\" height=\"1024\" src=\"https:\/\/www.obispadorqta.org.ar\/v3\/wp-content\/uploads\/2021\/07\/DIPLOMATURA-PASTORAL-EDUCATIVA-1_page-0003-725x1024.jpg\" alt=\"\" class=\"wp-image-6709\" srcset=\"https:\/\/www.obispadorqta.org.ar\/v3\/wp-content\/uploads\/2021\/07\/DIPLOMATURA-PASTORAL-EDUCATIVA-1_page-0003-725x1024.jpg 725w, https:\/\/www.obispadorqta.org.ar\/v3\/wp-content\/uploads\/2021\/07\/DIPLOMATURA-PASTORAL-EDUCATIVA-1_page-0003-212x300.jpg 212w, https:\/\/www.obispadorqta.org.ar\/v3\/wp-content\/uploads\/2021\/07\/DIPLOMATURA-PASTORAL-EDUCATIVA-1_page-0003-768x1085.jpg 768w, https:\/\/www.obispadorqta.org.ar\/v3\/wp-content\/uploads\/2021\/07\/DIPLOMATURA-PASTORAL-EDUCATIVA-1_page-0003-1087x1536.jpg 1087w, https:\/\/www.obispadorqta.org.ar\/v3\/wp-content\/uploads\/2021\/07\/DIPLOMATURA-PASTORAL-EDUCATIVA-1_page-0003.jpg 1241w\" sizes=\"auto, (max-width: 725px) 100vw, 725px\" \/><\/figure>\n\n\n\n<figure class=\"wp-block-image size-large\"><img loading=\"lazy\" decoding=\"async\" width=\"725\" height=\"1024\" src=\"https:\/\/www.obispadorqta.org.ar\/v3\/wp-content\/uploads\/2021\/07\/DIPLOMATURA-PASTORAL-EDUCATIVA-1_page-0004-725x1024.jpg\" alt=\"\" class=\"wp-image-6710\" srcset=\"https:\/\/www.obispadorqta.org.ar\/v3\/wp-content\/uploads\/2021\/07\/DIPLOMATURA-PASTORAL-EDUCATIVA-1_page-0004-725x1024.jpg 725w, https:\/\/www.obispadorqta.org.ar\/v3\/wp-content\/uploads\/2021\/07\/DIPLOMATURA-PASTORAL-EDUCATIVA-1_page-0004-212x300.jpg 212w, https:\/\/www.obispadorqta.org.ar\/v3\/wp-content\/uploads\/2021\/07\/DIPLOMATURA-PASTORAL-EDUCATIVA-1_page-0004-768x1085.jpg 768w, https:\/\/www.obispadorqta.org.ar\/v3\/wp-content\/uploads\/2021\/07\/DIPLOMATURA-PASTORAL-EDUCATIVA-1_page-0004-1087x1536.jpg 1087w, https:\/\/www.obispadorqta.org.ar\/v3\/wp-content\/uploads\/2021\/07\/DIPLOMATURA-PASTORAL-EDUCATIVA-1_page-0004.jpg 1241w\" sizes=\"auto, (max-width: 725px) 100vw, 725px\" \/><\/figure>\n\n\n\n<figure class=\"wp-block-image size-large\"><img loading=\"lazy\" decoding=\"async\" width=\"725\" height=\"1024\" src=\"https:\/\/www.obispadorqta.org.ar\/v3\/wp-content\/uploads\/2021\/07\/DIPLOMATURA-PASTORAL-EDUCATIVA-1_page-0005-725x1024.jpg\" alt=\"\" class=\"wp-image-6711\" srcset=\"https:\/\/www.obispadorqta.org.ar\/v3\/wp-content\/uploads\/2021\/07\/DIPLOMATURA-PASTORAL-EDUCATIVA-1_page-0005-725x1024.jpg 725w, https:\/\/www.obispadorqta.org.ar\/v3\/wp-content\/uploads\/2021\/07\/DIPLOMATURA-PASTORAL-EDUCATIVA-1_page-0005-212x300.jpg 212w, https:\/\/www.obispadorqta.org.ar\/v3\/wp-content\/uploads\/2021\/07\/DIPLOMATURA-PASTORAL-EDUCATIVA-1_page-0005-768x1085.jpg 768w, https:\/\/www.obispadorqta.org.ar\/v3\/wp-content\/uploads\/2021\/07\/DIPLOMATURA-PASTORAL-EDUCATIVA-1_page-0005-1087x1536.jpg 1087w, https:\/\/www.obispadorqta.org.ar\/v3\/wp-content\/uploads\/2021\/07\/DIPLOMATURA-PASTORAL-EDUCATIVA-1_page-0005.jpg 1241w\" sizes=\"auto, (max-width: 725px) 100vw, 725px\" \/><\/figure>\n\n\n\n<figure class=\"wp-block-image size-large\"><img loading=\"lazy\" decoding=\"async\" width=\"725\" height=\"1024\" src=\"https:\/\/www.obispadorqta.org.ar\/v3\/wp-content\/uploads\/2021\/07\/DIPLOMATURA-PASTORAL-EDUCATIVA-1_page-0006-725x1024.jpg\" alt=\"\" class=\"wp-image-6712\" srcset=\"https:\/\/www.obispadorqta.org.ar\/v3\/wp-content\/uploads\/2021\/07\/DIPLOMATURA-PASTORAL-EDUCATIVA-1_page-0006-725x1024.jpg 725w, https:\/\/www.obispadorqta.org.ar\/v3\/wp-content\/uploads\/2021\/07\/DIPLOMATURA-PASTORAL-EDUCATIVA-1_page-0006-212x300.jpg 212w, https:\/\/www.obispadorqta.org.ar\/v3\/wp-content\/uploads\/2021\/07\/DIPLOMATURA-PASTORAL-EDUCATIVA-1_page-0006-768x1085.jpg 768w, https:\/\/www.obispadorqta.org.ar\/v3\/wp-content\/uploads\/2021\/07\/DIPLOMATURA-PASTORAL-EDUCATIVA-1_page-0006-1087x1536.jpg 1087w, https:\/\/www.obispadorqta.org.ar\/v3\/wp-content\/uploads\/2021\/07\/DIPLOMATURA-PASTORAL-EDUCATIVA-1_page-0006.jpg 1241w\" sizes=\"auto, (max-width: 725px) 100vw, 725px\" \/><\/figure>\n\n\n\n<figure class=\"wp-block-image size-large\"><img loading=\"lazy\" decoding=\"async\" width=\"725\" height=\"1024\" src=\"https:\/\/www.obispadorqta.org.ar\/v3\/wp-content\/uploads\/2021\/07\/DIPLOMATURA-PASTORAL-EDUCATIVA-1_page-0007-725x1024.jpg\" alt=\"\" class=\"wp-image-6713\" srcset=\"https:\/\/www.obispadorqta.org.ar\/v3\/wp-content\/uploads\/2021\/07\/DIPLOMATURA-PASTORAL-EDUCATIVA-1_page-0007-725x1024.jpg 725w, https:\/\/www.obispadorqta.org.ar\/v3\/wp-content\/uploads\/2021\/07\/DIPLOMATURA-PASTORAL-EDUCATIVA-1_page-0007-212x300.jpg 212w, https:\/\/www.obispadorqta.org.ar\/v3\/wp-content\/uploads\/2021\/07\/DIPLOMATURA-PASTORAL-EDUCATIVA-1_page-0007-768x1085.jpg 768w, https:\/\/www.obispadorqta.org.ar\/v3\/wp-content\/uploads\/2021\/07\/DIPLOMATURA-PASTORAL-EDUCATIVA-1_page-0007-1087x1536.jpg 1087w, https:\/\/www.obispadorqta.org.ar\/v3\/wp-content\/uploads\/2021\/07\/DIPLOMATURA-PASTORAL-EDUCATIVA-1_page-0007.jpg 1241w\" sizes=\"auto, (max-width: 725px) 100vw, 725px\" \/><\/figure>\n","protected":false},"excerpt":{"rendered":"<div class=\"mh-excerpt\"><p>Desde el Obispado de Reconquista, hacemos extensiva la invitaci\u00f3n de la Universidad Cat\u00f3lica de Santa Fe a todos aquellos que deseen y est\u00e9n interesado de <a class=\"mh-excerpt-more\" href=\"https:\/\/www.obispadorqta.org.ar\/v3\/diplomatura-virtual-en-pastoral-educativa\/\" title=\"Diplomatura Virtual en Pastoral Educativa\">[&#8230;]<\/a><\/p>\n<\/div>","protected":false},"author":2,"featured_media":6716,"comment_status":"closed","ping_status":"open","sticky":false,"template":"","format":"standard","meta":{"footnotes":""},"categories":[6,28],"tags":[],"class_list":["post-6705","post","type-post","status-publish","format-standard","has-post-thumbnail","hentry","category-news","category-latest-news"],"_links":{"self":[{"href":"https:\/\/www.obispadorqta.org.ar\/v3\/wp-json\/wp\/v2\/posts\/6705","targetHints":{"allow":["GET"]}}],"collection":[{"href":"https:\/\/www.obispadorqta.org.ar\/v3\/wp-json\/wp\/v2\/posts"}],"about":[{"href":"https:\/\/www.obispadorqta.org.ar\/v3\/wp-json\/wp\/v2\/types\/post"}],"author":[{"embeddable":true,"href":"https:\/\/www.obispadorqta.org.ar\/v3\/wp-json\/wp\/v2\/users\/2"}],"replies":[{"embeddable":true,"href":"https:\/\/www.obispadorqta.org.ar\/v3\/wp-json\/wp\/v2\/comments?post=6705"}],"version-history":[{"count":2,"href":"https:\/\/www.obispadorqta.org.ar\/v3\/wp-json\/wp\/v2\/posts\/6705\/revisions"}],"predecessor-version":[{"id":6717,"href":"https:\/\/www.obispadorqta.org.ar\/v3\/wp-json\/wp\/v2\/posts\/6705\/revisions\/6717"}],"wp:featuredmedia":[{"embeddable":true,"href":"https:\/\/www.obispadorqta.org.ar\/v3\/wp-json\/wp\/v2\/media\/6716"}],"wp:attachment":[{"href":"https:\/\/www.obispadorqta.org.ar\/v3\/wp-json\/wp\/v2\/media?parent=6705"}],"wp:term":[{"taxonomy":"category","embeddable":true,"href":"https:\/\/www.obispadorqta.org.ar\/v3\/wp-json\/wp\/v2\/categories?post=6705"},{"taxonomy":"post_tag","embeddable":true,"href":"https:\/\/www.obispadorqta.org.ar\/v3\/wp-json\/wp\/v2\/tags?post=6705"}],"curies":[{"name":"wp","href":"https:\/\/api.w.org\/{rel}","templated":true}]}}