{"id":6718,"date":"2021-07-12T18:32:15","date_gmt":"2021-07-12T21:32:15","guid":{"rendered":"http:\/\/www.obispadorqta.org.ar\/v3\/?p=6718"},"modified":"2021-07-12T18:32:26","modified_gmt":"2021-07-12T21:32:26","slug":"semana-social-2021","status":"publish","type":"post","link":"https:\/\/www.obispadorqta.org.ar\/v3\/semana-social-2021\/","title":{"rendered":"Semana Social 2021"},"content":{"rendered":"<p style=\"text-align: justify;\">Desde la Comisi\u00f3n Episcopal de Pastoral Social, invitan a participar de la Semana Social 2021. La misma se inicia hoy lunes 12\u00a0al 15 de julio en modalidad virtual y los temas por desarrollar ser\u00e1n: Alimentaci\u00f3n accesible para todos; conectividad, un derecho humano; reactivaci\u00f3n econ\u00f3mica y fraternidad social.<\/p>\n<p style=\"text-align: justify;\">Alimentaci\u00f3n accesible para todos; conectividad, un derecho humano; reactivaci\u00f3n econ\u00f3mica y fraternidad social, ser\u00e1 los cuatro ejes de la Semana Social 2021 con el lema \u201cSo\u00f1emos con una humanidad nueva\u201d.<\/p>\n<p style=\"text-align: justify;\">La actividad se desarrollar\u00e1 en modalidad virtual los d\u00edas 12, 13, 14 y 15 de julio, a las 18, a trav\u00e9s del canal de YouTube de la Comisi\u00f3n Episcopal de Pastoral Social (Cepas). (<a href=\"https:\/\/www.youtube.com\/channel\/UCflIxjYw5zMAACe7RmW5lhw\/featured\">HACER CLICK AQU\u00cd<\/a>)<\/p>\n<p style=\"text-align: justify;\">Los obispos invitan a participar con una frase del papa Francisco en la enc\u00edclica Fratelli tutti: \u201cOjal\u00e1 que tanto dolor no sea in\u00fatil, que demos un salto hacia una forma nueva de vida y descubramos definitivamente que nos necesitamos y nos debemos los unos a los otros, para que la humanidad renazca con todos los rostros, todas las manos y todas las voces, m\u00e1s all\u00e1 de las fronteras que hemos creado\u201d<\/p>\n<p style=\"text-align: justify;\"><strong>Programa<br \/>\n<\/strong><strong>* Lunes 12<\/strong>, a las 18: acto de apertura de la Semana Social 2021 y bienvenida a cargo del obispo de Lomas de Zamora y presidente de la Cepas, monse\u00f1or\u00a0Jorge Lugones SJ\u00a0y del obispo de San Isidro y presidente de la Conferencia Episcopal Argentina (CEA), monse\u00f1or\u00a0Oscar Vicente Ojea.<\/p>\n<p style=\"text-align: justify;\">A las 18.30, primer panel: \u201cAlimentaci\u00f3n accesible para todos, una urgencia social\u201d. La pandemia ha golpeado m\u00e1s fuertemente a los sectores m\u00e1s vulnerables, nos proponemos reflexionar sobre las causas del aumento en los alimentos. Participar\u00e1n participar\u00e1n el presidente de la Uni\u00f3n Industrial Argentina (UIA), Daniel Funes de Rioja; el extitular de la Sociedad Rural Argentina (SRA) Daniel Pellegrina, la presidenta de la Fundaci\u00f3n Familia, Mar\u00eda In\u00e9s Cafiero, y el obispos de Merlo-Moreno, monse\u00f1or\u00a0Fernando Maletti.<\/p>\n<p style=\"text-align: justify;\"><strong>* Martes 13<\/strong>, a las 18.30, segundo panel: \u201cConectividad, un Derecho Humano\u201d. Reflexionar sobre la posibilidad de acceso a internet que se volvi\u00f3 esencial en este tiempo. Ariel Graizer, Alfredo Moreno, Gustavo Berligieri, Gustavo L\u00f3pez y monse\u00f1or\u00a0Jorge Eduardo Lozano, arzobispo de San Juan de Cuyo.<\/p>\n<p style=\"text-align: justify;\"><strong>* Mi\u00e9rcoles 14<\/strong>\u00a0, 18.30, tercer panel: \u201cReactivaci\u00f3n econ\u00f3mica, esperanza y desaf\u00edo\u201d. Reflexionar sobre la situaci\u00f3n econ\u00f3mica posterior a Covid-19 y las diversas experiencias en la econom\u00eda real. Paula Bibini, Daniela Rabinovich, Norma Morales, Cristian Garc\u00eda de Alamo y monse\u00f1or\u00a0Jorge Eduardo Scheinig, arzobispo de Mercedes-Luj\u00e1n.<\/p>\n<p style=\"text-align: justify;\"><strong>* Jueves 15<\/strong>, 18.30, cuarto panel: \u201cUna fraternidad, para salir mejores\u201d. Buscando el encuentro, el di\u00e1logo y la reflexi\u00f3n com\u00fan para construir una nueva humanidad.\u00a0Monse\u00f1or Gustavo Carrara, obispo auxiliar de Buenos Aires, Jorge Knoblovits, Guillermo Fern\u00e1ndez, Anibal Bachir Bakir y monse\u00f1or\u00a0Enrique Mart\u00ednez Ossola, obispo auxiliar de Santiago del Estero.<\/p>\n<p style=\"text-align: justify;\">Lectura del Mensaje Final a la sociedad.<\/p>\n<p style=\"text-align: justify;\">M\u00e1s informaci\u00f3n\u00a0prensacepas@gmail.com<\/p>\n<p>FUENTE: AICA<\/p>\n","protected":false},"excerpt":{"rendered":"<div class=\"mh-excerpt\"><p>Desde la Comisi\u00f3n Episcopal de Pastoral Social, invitan a participar de la Semana Social 2021. La misma se inicia hoy lunes 12\u00a0al 15 de julio <a class=\"mh-excerpt-more\" href=\"https:\/\/www.obispadorqta.org.ar\/v3\/semana-social-2021\/\" title=\"Semana Social 2021\">[&#8230;]<\/a><\/p>\n<\/div>","protected":false},"author":2,"featured_media":6719,"comment_status":"closed","ping_status":"open","sticky":false,"template":"","format":"standard","meta":{"footnotes":""},"categories":[6,28],"tags":[],"class_list":["post-6718","post","type-post","status-publish","format-standard","has-post-thumbnail","hentry","category-news","category-latest-news"],"_links":{"self":[{"href":"https:\/\/www.obispadorqta.org.ar\/v3\/wp-json\/wp\/v2\/posts\/6718","targetHints":{"allow":["GET"]}}],"collection":[{"href":"https:\/\/www.obispadorqta.org.ar\/v3\/wp-json\/wp\/v2\/posts"}],"about":[{"href":"https:\/\/www.obispadorqta.org.ar\/v3\/wp-json\/wp\/v2\/types\/post"}],"author":[{"embeddable":true,"href":"https:\/\/www.obispadorqta.org.ar\/v3\/wp-json\/wp\/v2\/users\/2"}],"replies":[{"embeddable":true,"href":"https:\/\/www.obispadorqta.org.ar\/v3\/wp-json\/wp\/v2\/comments?post=6718"}],"version-history":[{"count":1,"href":"https:\/\/www.obispadorqta.org.ar\/v3\/wp-json\/wp\/v2\/posts\/6718\/revisions"}],"predecessor-version":[{"id":6720,"href":"https:\/\/www.obispadorqta.org.ar\/v3\/wp-json\/wp\/v2\/posts\/6718\/revisions\/6720"}],"wp:featuredmedia":[{"embeddable":true,"href":"https:\/\/www.obispadorqta.org.ar\/v3\/wp-json\/wp\/v2\/media\/6719"}],"wp:attachment":[{"href":"https:\/\/www.obispadorqta.org.ar\/v3\/wp-json\/wp\/v2\/media?parent=6718"}],"wp:term":[{"taxonomy":"category","embeddable":true,"href":"https:\/\/www.obispadorqta.org.ar\/v3\/wp-json\/wp\/v2\/categories?post=6718"},{"taxonomy":"post_tag","embeddable":true,"href":"https:\/\/www.obispadorqta.org.ar\/v3\/wp-json\/wp\/v2\/tags?post=6718"}],"curies":[{"name":"wp","href":"https:\/\/api.w.org\/{rel}","templated":true}]}}