{"id":6722,"date":"2021-07-14T10:03:23","date_gmt":"2021-07-14T13:03:23","guid":{"rendered":"http:\/\/www.obispadorqta.org.ar\/v3\/?p=6722"},"modified":"2021-07-14T10:03:32","modified_gmt":"2021-07-14T13:03:32","slug":"encuentro-nacional-de-sacerdotes-2","status":"publish","type":"post","link":"https:\/\/www.obispadorqta.org.ar\/v3\/encuentro-nacional-de-sacerdotes-2\/","title":{"rendered":"Encuentro Nacional de Sacerdotes"},"content":{"rendered":"<p style=\"text-align: justify;\">Desde la Comisi\u00f3n Episcopal de Ministerios invitan al pr\u00f3ximo <strong>Encuentro Nacional de Sacerdotes<\/strong>, que tendr\u00e1 lugar V\u00cdA ZOOM, el martes 3 de agosto de 09:30 a 12:00.\u00a0Adem\u00e1s, se podr\u00e1 seguir la transmisi\u00f3n por el canal YouTube de la CEMIN.<\/p>\n<p style=\"text-align: justify;\">La beatificaci\u00f3n de fray Mamerto Esqui\u00fa es una Gracia que nos disponemos a vivir junto a toda la Iglesia en Argentina.\u00a0La transmisi\u00f3n del encuentro, as\u00ed como la disposici\u00f3n espiritual en el mismo, se realizar\u00e1 desde Catamarca, la tierra natal del futuro Beato.<\/p>\n<p style=\"text-align: justify;\">Para la exposici\u00f3n de la jornada sobre la vida y el ministerio del beato, contar\u00e1 con el aporte del vice postulador de la causa, fray Marcelo M\u00e9ndez OFM.<\/p>\n<p style=\"text-align: justify;\">Atendiendo a una providencial sugerencia, se dispondr\u00e1 un momento de <strong>recuerdo y oraci\u00f3n por nuestros hermanos sacerdotes fallecidos a causa del Covid19<\/strong>.<\/p>\n<p style=\"text-align: justify;\">Este encuentro es un servicio del\u00a0<strong>Secretariado Nacional de Formaci\u00f3n Permanente de los Presb\u00edteros<\/strong> que, tratando de adaptarse a las actuales circunstancias, quiere seguir estando cerca, animando los procesos de formaci\u00f3n permanente de los presb\u00edteros.<\/p>\n","protected":false},"excerpt":{"rendered":"<div class=\"mh-excerpt\"><p>Desde la Comisi\u00f3n Episcopal de Ministerios invitan al pr\u00f3ximo Encuentro Nacional de Sacerdotes, que tendr\u00e1 lugar V\u00cdA ZOOM, el martes 3 de agosto de 09:30 <a class=\"mh-excerpt-more\" href=\"https:\/\/www.obispadorqta.org.ar\/v3\/encuentro-nacional-de-sacerdotes-2\/\" title=\"Encuentro Nacional de Sacerdotes\">[&#8230;]<\/a><\/p>\n<\/div>","protected":false},"author":2,"featured_media":6723,"comment_status":"closed","ping_status":"open","sticky":false,"template":"","format":"standard","meta":{"footnotes":""},"categories":[6,28],"tags":[],"class_list":["post-6722","post","type-post","status-publish","format-standard","has-post-thumbnail","hentry","category-news","category-latest-news"],"_links":{"self":[{"href":"https:\/\/www.obispadorqta.org.ar\/v3\/wp-json\/wp\/v2\/posts\/6722","targetHints":{"allow":["GET"]}}],"collection":[{"href":"https:\/\/www.obispadorqta.org.ar\/v3\/wp-json\/wp\/v2\/posts"}],"about":[{"href":"https:\/\/www.obispadorqta.org.ar\/v3\/wp-json\/wp\/v2\/types\/post"}],"author":[{"embeddable":true,"href":"https:\/\/www.obispadorqta.org.ar\/v3\/wp-json\/wp\/v2\/users\/2"}],"replies":[{"embeddable":true,"href":"https:\/\/www.obispadorqta.org.ar\/v3\/wp-json\/wp\/v2\/comments?post=6722"}],"version-history":[{"count":2,"href":"https:\/\/www.obispadorqta.org.ar\/v3\/wp-json\/wp\/v2\/posts\/6722\/revisions"}],"predecessor-version":[{"id":6725,"href":"https:\/\/www.obispadorqta.org.ar\/v3\/wp-json\/wp\/v2\/posts\/6722\/revisions\/6725"}],"wp:featuredmedia":[{"embeddable":true,"href":"https:\/\/www.obispadorqta.org.ar\/v3\/wp-json\/wp\/v2\/media\/6723"}],"wp:attachment":[{"href":"https:\/\/www.obispadorqta.org.ar\/v3\/wp-json\/wp\/v2\/media?parent=6722"}],"wp:term":[{"taxonomy":"category","embeddable":true,"href":"https:\/\/www.obispadorqta.org.ar\/v3\/wp-json\/wp\/v2\/categories?post=6722"},{"taxonomy":"post_tag","embeddable":true,"href":"https:\/\/www.obispadorqta.org.ar\/v3\/wp-json\/wp\/v2\/tags?post=6722"}],"curies":[{"name":"wp","href":"https:\/\/api.w.org\/{rel}","templated":true}]}}