{"id":6727,"date":"2021-07-27T07:12:17","date_gmt":"2021-07-27T10:12:17","guid":{"rendered":"http:\/\/www.obispadorqta.org.ar\/v3\/?p=6727"},"modified":"2021-07-27T08:41:14","modified_gmt":"2021-07-27T11:41:14","slug":"curso-online-de-formacion","status":"publish","type":"post","link":"https:\/\/www.obispadorqta.org.ar\/v3\/curso-online-de-formacion\/","title":{"rendered":"Curso online de formaci\u00f3n"},"content":{"rendered":"<p style=\"text-align: justify;\">Con alegr\u00eda, desde el Obispado de Reconquista, hacemos extensiva la invitaci\u00f3n a participar de esta iniciativa que surge desde la Pastoral Familiar Diocesana, al cumplirse los 5 a\u00f1os de la publicaci\u00f3n de la Exhortaci\u00f3n Apost\u00f3lica&nbsp;<em>Amoris Laetitia<\/em>, del Santo Padre Francisco.<\/p>\n<p style=\"text-align: justify;\">Este curso online constar\u00e1 de 7 encuentros. a realizarse cada 15 d\u00edas. &nbsp;Los s\u00e1bados, a partir del 07 de agosto, de 15:30 a 17:00 horas.<\/p>\n<p style=\"text-align: justify;\">Para m\u00e1s informaci\u00f3n, comunicarse al celular de la Pastoral Familiar: +54 9 3482 &#8211; 534170 o al correo electr\u00f3nico: reconquista.pastoralfamiliar@gmail.com<\/p>\n\n\n<figure class=\"wp-block-image size-large\"><img loading=\"lazy\" decoding=\"async\" width=\"722\" height=\"1024\" src=\"https:\/\/www.obispadorqta.org.ar\/v3\/wp-content\/uploads\/2021\/07\/IMG-20210714-WA0004-722x1024.jpg\" alt=\"\" class=\"wp-image-6731\" srcset=\"https:\/\/www.obispadorqta.org.ar\/v3\/wp-content\/uploads\/2021\/07\/IMG-20210714-WA0004-722x1024.jpg 722w, https:\/\/www.obispadorqta.org.ar\/v3\/wp-content\/uploads\/2021\/07\/IMG-20210714-WA0004-212x300.jpg 212w, https:\/\/www.obispadorqta.org.ar\/v3\/wp-content\/uploads\/2021\/07\/IMG-20210714-WA0004-768x1089.jpg 768w, https:\/\/www.obispadorqta.org.ar\/v3\/wp-content\/uploads\/2021\/07\/IMG-20210714-WA0004.jpg 903w\" sizes=\"auto, (max-width: 722px) 100vw, 722px\" \/><\/figure>\n\n\n\n<figure class=\"wp-block-image size-large\"><img loading=\"lazy\" decoding=\"async\" width=\"723\" height=\"1024\" src=\"https:\/\/www.obispadorqta.org.ar\/v3\/wp-content\/uploads\/2021\/07\/IMG-20210714-WA0003-723x1024.jpg\" alt=\"\" class=\"wp-image-6730\" srcset=\"https:\/\/www.obispadorqta.org.ar\/v3\/wp-content\/uploads\/2021\/07\/IMG-20210714-WA0003-723x1024.jpg 723w, https:\/\/www.obispadorqta.org.ar\/v3\/wp-content\/uploads\/2021\/07\/IMG-20210714-WA0003-212x300.jpg 212w, https:\/\/www.obispadorqta.org.ar\/v3\/wp-content\/uploads\/2021\/07\/IMG-20210714-WA0003-768x1087.jpg 768w, https:\/\/www.obispadorqta.org.ar\/v3\/wp-content\/uploads\/2021\/07\/IMG-20210714-WA0003.jpg 904w\" sizes=\"auto, (max-width: 723px) 100vw, 723px\" \/><\/figure>\n","protected":false},"excerpt":{"rendered":"<div class=\"mh-excerpt\"><p>Con alegr\u00eda, desde el Obispado de Reconquista, hacemos extensiva la invitaci\u00f3n a participar de esta iniciativa que surge desde la Pastoral Familiar Diocesana, al cumplirse <a class=\"mh-excerpt-more\" href=\"https:\/\/www.obispadorqta.org.ar\/v3\/curso-online-de-formacion\/\" title=\"Curso online de formaci\u00f3n\">[&#8230;]<\/a><\/p>\n<\/div>","protected":false},"author":2,"featured_media":6783,"comment_status":"closed","ping_status":"open","sticky":false,"template":"","format":"standard","meta":{"footnotes":""},"categories":[6,28],"tags":[],"class_list":["post-6727","post","type-post","status-publish","format-standard","has-post-thumbnail","hentry","category-news","category-latest-news"],"_links":{"self":[{"href":"https:\/\/www.obispadorqta.org.ar\/v3\/wp-json\/wp\/v2\/posts\/6727","targetHints":{"allow":["GET"]}}],"collection":[{"href":"https:\/\/www.obispadorqta.org.ar\/v3\/wp-json\/wp\/v2\/posts"}],"about":[{"href":"https:\/\/www.obispadorqta.org.ar\/v3\/wp-json\/wp\/v2\/types\/post"}],"author":[{"embeddable":true,"href":"https:\/\/www.obispadorqta.org.ar\/v3\/wp-json\/wp\/v2\/users\/2"}],"replies":[{"embeddable":true,"href":"https:\/\/www.obispadorqta.org.ar\/v3\/wp-json\/wp\/v2\/comments?post=6727"}],"version-history":[{"count":4,"href":"https:\/\/www.obispadorqta.org.ar\/v3\/wp-json\/wp\/v2\/posts\/6727\/revisions"}],"predecessor-version":[{"id":6785,"href":"https:\/\/www.obispadorqta.org.ar\/v3\/wp-json\/wp\/v2\/posts\/6727\/revisions\/6785"}],"wp:featuredmedia":[{"embeddable":true,"href":"https:\/\/www.obispadorqta.org.ar\/v3\/wp-json\/wp\/v2\/media\/6783"}],"wp:attachment":[{"href":"https:\/\/www.obispadorqta.org.ar\/v3\/wp-json\/wp\/v2\/media?parent=6727"}],"wp:term":[{"taxonomy":"category","embeddable":true,"href":"https:\/\/www.obispadorqta.org.ar\/v3\/wp-json\/wp\/v2\/categories?post=6727"},{"taxonomy":"post_tag","embeddable":true,"href":"https:\/\/www.obispadorqta.org.ar\/v3\/wp-json\/wp\/v2\/tags?post=6727"}],"curies":[{"name":"wp","href":"https:\/\/api.w.org\/{rel}","templated":true}]}}