{"id":6733,"date":"2021-07-16T10:57:12","date_gmt":"2021-07-16T13:57:12","guid":{"rendered":"http:\/\/www.obispadorqta.org.ar\/v3\/?p=6733"},"modified":"2021-07-16T10:57:23","modified_gmt":"2021-07-16T13:57:23","slug":"virgen-del-carmen-2","status":"publish","type":"post","link":"https:\/\/www.obispadorqta.org.ar\/v3\/virgen-del-carmen-2\/","title":{"rendered":"Virgen del Carmen"},"content":{"rendered":"<p style=\"text-align: justify;\">Hoy 16 de julio, la Iglesia conmemora la advocaci\u00f3n de la Virgen del Carmen. Su denominaci\u00f3n procede del llamado Monte Carmelo, en Israel, en la ciudad de Haifa, donde numerosos profetas rindieron culto a Dios. Los principales fueron El\u00edas y su disc\u00edpulo Eliseo, pero exist\u00edan tambi\u00e9n diferentes personas que se retiraban en las cuevas de la monta\u00f1a para seguir una vida erem\u00edtica y que con el paso de los siglos fueron llamados Carmelitas.<\/p>\n<p style=\"text-align: justify;\">Esta advocaci\u00f3n de la Virgen Mar\u00eda, es la Santa Patrona de la Orden de la Carmelitas, qui\u00e9nes cuentan con un Monasterio en nuestra Di\u00f3cesis de Reconquista, que lleva por nombre San Jos\u00e9, coincidentemente con el A\u00f1o de San Jos\u00e9, propuesto por\u00a0el papa Francisco en la Carta apost\u00f3lica <em>Patris corde<\/em> (coraz\u00f3n de padre), en el marco del 150 aniversario de la declaraci\u00f3n de este santo como patrono de la Iglesia Universal; las saludamos y encomendamos nuestras oraciones, por su labor y dedicaci\u00f3n, en este d\u00eda especial para las Hermanas Carmelitas.<\/p>\n","protected":false},"excerpt":{"rendered":"<div class=\"mh-excerpt\"><p>Hoy 16 de julio, la Iglesia conmemora la advocaci\u00f3n de la Virgen del Carmen. Su denominaci\u00f3n procede del llamado Monte Carmelo, en Israel, en la <a class=\"mh-excerpt-more\" href=\"https:\/\/www.obispadorqta.org.ar\/v3\/virgen-del-carmen-2\/\" title=\"Virgen del Carmen\">[&#8230;]<\/a><\/p>\n<\/div>","protected":false},"author":2,"featured_media":6734,"comment_status":"closed","ping_status":"open","sticky":false,"template":"","format":"standard","meta":{"footnotes":""},"categories":[6,28],"tags":[],"class_list":["post-6733","post","type-post","status-publish","format-standard","has-post-thumbnail","hentry","category-news","category-latest-news"],"_links":{"self":[{"href":"https:\/\/www.obispadorqta.org.ar\/v3\/wp-json\/wp\/v2\/posts\/6733","targetHints":{"allow":["GET"]}}],"collection":[{"href":"https:\/\/www.obispadorqta.org.ar\/v3\/wp-json\/wp\/v2\/posts"}],"about":[{"href":"https:\/\/www.obispadorqta.org.ar\/v3\/wp-json\/wp\/v2\/types\/post"}],"author":[{"embeddable":true,"href":"https:\/\/www.obispadorqta.org.ar\/v3\/wp-json\/wp\/v2\/users\/2"}],"replies":[{"embeddable":true,"href":"https:\/\/www.obispadorqta.org.ar\/v3\/wp-json\/wp\/v2\/comments?post=6733"}],"version-history":[{"count":2,"href":"https:\/\/www.obispadorqta.org.ar\/v3\/wp-json\/wp\/v2\/posts\/6733\/revisions"}],"predecessor-version":[{"id":6736,"href":"https:\/\/www.obispadorqta.org.ar\/v3\/wp-json\/wp\/v2\/posts\/6733\/revisions\/6736"}],"wp:featuredmedia":[{"embeddable":true,"href":"https:\/\/www.obispadorqta.org.ar\/v3\/wp-json\/wp\/v2\/media\/6734"}],"wp:attachment":[{"href":"https:\/\/www.obispadorqta.org.ar\/v3\/wp-json\/wp\/v2\/media?parent=6733"}],"wp:term":[{"taxonomy":"category","embeddable":true,"href":"https:\/\/www.obispadorqta.org.ar\/v3\/wp-json\/wp\/v2\/categories?post=6733"},{"taxonomy":"post_tag","embeddable":true,"href":"https:\/\/www.obispadorqta.org.ar\/v3\/wp-json\/wp\/v2\/tags?post=6733"}],"curies":[{"name":"wp","href":"https:\/\/api.w.org\/{rel}","templated":true}]}}