{"id":6737,"date":"2021-07-16T12:48:26","date_gmt":"2021-07-16T15:48:26","guid":{"rendered":"http:\/\/www.obispadorqta.org.ar\/v3\/?p=6737"},"modified":"2021-07-16T12:49:58","modified_gmt":"2021-07-16T15:49:58","slug":"50-anos-de-la-pascua-de-p-luis-agustin-sponton","status":"publish","type":"post","link":"https:\/\/www.obispadorqta.org.ar\/v3\/50-anos-de-la-pascua-de-p-luis-agustin-sponton\/","title":{"rendered":"50 A\u00f1os de la Pascua de P. Luis Agust\u00edn Spont\u00f3n"},"content":{"rendered":"<p style=\"text-align: justify;\">En el a\u00f1o San Jos\u00e9, conmemoramos a aquellos que peregrinaron con nosotros y dedicaron su vida al servicio de Dios y de la gente.<\/p>\n<p style=\"text-align: justify;\">El pr\u00f3ximo martes 20 de julio recordaremos al P. Luis Spont\u00f3n (identificado con un cuadro rojo en la fotograf\u00eda), un prestigioso sacerdote oriundo de Colonia Ella, actualmente ciudad de Malabrigo. Hab\u00eda nacido el 04 de febrero del a\u00f1o 1912 y el 20 de julio de 1971 parti\u00f3 a la Casa del Padre a los 59 a\u00f1os de edad. Era hijo de don Francisco Spont\u00f3n y de do\u00f1a Marcelina Suligoy.<\/p>\n<p style=\"text-align: justify;\">En los registros de pu\u00f1o y letra que el mismo suscribe impresiona que a los 12 a\u00f1os de edad hab\u00eda expresado su deseo vocacional en una carta a Mons. Boneo, solicitando ser admitido en el seminario, luego fue ordenado sacerdote y a partir de ese momento estuvo al servicio en el norte santafesino.<\/p>\n<p style=\"text-align: justify;\">Su pastoreo lo ejerci\u00f3 en varias comunidades de la di\u00f3cesis y en particular en las parroquias Inmaculada Concepci\u00f3n, de Villa Ocampo y Santa Ana, de Florencia.<\/p>\n<p style=\"text-align: justify;\">Damos gracias a Dios por el testimonio del P. Luis Spont\u00f3n y de otras figuras, tanto sacerdotes y laicos que van dejando huellas de compromiso en nuestra di\u00f3cesis. Le pedimos que nos sigan acompa\u00f1ando en estos tiempos y que sepamos imitar su generosidad y entrega.<\/p>\n","protected":false},"excerpt":{"rendered":"<div class=\"mh-excerpt\"><p>En el a\u00f1o San Jos\u00e9, conmemoramos a aquellos que peregrinaron con nosotros y dedicaron su vida al servicio de Dios y de la gente. El <a class=\"mh-excerpt-more\" href=\"https:\/\/www.obispadorqta.org.ar\/v3\/50-anos-de-la-pascua-de-p-luis-agustin-sponton\/\" title=\"50 A\u00f1os de la Pascua de P. Luis Agust\u00edn Spont\u00f3n\">[&#8230;]<\/a><\/p>\n<\/div>","protected":false},"author":2,"featured_media":6738,"comment_status":"closed","ping_status":"open","sticky":false,"template":"","format":"standard","meta":{"footnotes":""},"categories":[6,28],"tags":[],"class_list":["post-6737","post","type-post","status-publish","format-standard","has-post-thumbnail","hentry","category-news","category-latest-news"],"_links":{"self":[{"href":"https:\/\/www.obispadorqta.org.ar\/v3\/wp-json\/wp\/v2\/posts\/6737","targetHints":{"allow":["GET"]}}],"collection":[{"href":"https:\/\/www.obispadorqta.org.ar\/v3\/wp-json\/wp\/v2\/posts"}],"about":[{"href":"https:\/\/www.obispadorqta.org.ar\/v3\/wp-json\/wp\/v2\/types\/post"}],"author":[{"embeddable":true,"href":"https:\/\/www.obispadorqta.org.ar\/v3\/wp-json\/wp\/v2\/users\/2"}],"replies":[{"embeddable":true,"href":"https:\/\/www.obispadorqta.org.ar\/v3\/wp-json\/wp\/v2\/comments?post=6737"}],"version-history":[{"count":3,"href":"https:\/\/www.obispadorqta.org.ar\/v3\/wp-json\/wp\/v2\/posts\/6737\/revisions"}],"predecessor-version":[{"id":6741,"href":"https:\/\/www.obispadorqta.org.ar\/v3\/wp-json\/wp\/v2\/posts\/6737\/revisions\/6741"}],"wp:featuredmedia":[{"embeddable":true,"href":"https:\/\/www.obispadorqta.org.ar\/v3\/wp-json\/wp\/v2\/media\/6738"}],"wp:attachment":[{"href":"https:\/\/www.obispadorqta.org.ar\/v3\/wp-json\/wp\/v2\/media?parent=6737"}],"wp:term":[{"taxonomy":"category","embeddable":true,"href":"https:\/\/www.obispadorqta.org.ar\/v3\/wp-json\/wp\/v2\/categories?post=6737"},{"taxonomy":"post_tag","embeddable":true,"href":"https:\/\/www.obispadorqta.org.ar\/v3\/wp-json\/wp\/v2\/tags?post=6737"}],"curies":[{"name":"wp","href":"https:\/\/api.w.org\/{rel}","templated":true}]}}