{"id":6743,"date":"2021-07-19T11:02:01","date_gmt":"2021-07-19T14:02:01","guid":{"rendered":"http:\/\/www.obispadorqta.org.ar\/v3\/?p=6743"},"modified":"2021-07-19T11:02:20","modified_gmt":"2021-07-19T14:02:20","slug":"ordenaciones-diaconales-2","status":"publish","type":"post","link":"https:\/\/www.obispadorqta.org.ar\/v3\/ordenaciones-diaconales-2\/","title":{"rendered":"ORDENACIONES DIACONALES"},"content":{"rendered":"<p style=\"text-align: justify;\">Con gozo, anunciamos que Dios mediante, el 15 de agosto de 2021, Solemnidad de la Asunci\u00f3n de Mar\u00eda, en la Iglesia Catedral de Reconquista, ser\u00e1n ordenados di\u00e1conos el Ac\u00f3lito <img loading=\"lazy\" decoding=\"async\" class=\" wp-image-6247 alignleft\" src=\"https:\/\/www.obispadorqta.org.ar\/v3\/wp-content\/uploads\/2021\/03\/Publicaci\u00f3n1.jpg\" alt=\"\" width=\"263\" height=\"170\" srcset=\"https:\/\/www.obispadorqta.org.ar\/v3\/wp-content\/uploads\/2021\/03\/Publicaci\u00f3n1.jpg 1004w, https:\/\/www.obispadorqta.org.ar\/v3\/wp-content\/uploads\/2021\/03\/Publicaci\u00f3n1-300x194.jpg 300w, https:\/\/www.obispadorqta.org.ar\/v3\/wp-content\/uploads\/2021\/03\/Publicaci\u00f3n1-768x496.jpg 768w\" sizes=\"auto, (max-width: 263px) 100vw, 263px\" \/><strong>Ceferino\u00a0<\/strong><strong>Jorge Ben\u00edtez<\/strong> (como Di\u00e1cono Permanente), quien con su familia pertenece desde siempre a esa comunidad a la cual ahora est\u00e1 llamado a servir, y el Ac\u00f3lito <strong>Diego<\/strong>\u00a0<strong>Luciano Carneiro<\/strong> (Camino al presbiterado), quien est\u00e1 transitando los \u00faltimos cuatro meses de formaci\u00f3n inicial en nuestro Seminario Interdiocesano \u201cLa Encarnaci\u00f3n\u201d, y est\u00e1 vinculado pastoralmente a esa comunidad.<\/p>\n<p style=\"text-align: justify;\">La celebraci\u00f3n iniciar\u00e1 a las 10 hs., y ser\u00e1 presidida por el Obispo Diocesano, Mons. \u00c1ngel Jos\u00e9 Mac\u00edn, quien por la imposici\u00f3n de manos y la oraci\u00f3n de consagraci\u00f3n, los har\u00e1 servidores de todos.<\/p>\n<p style=\"text-align: justify;\">En este a\u00f1o de San Jos\u00e9, Patrono de la Di\u00f3cesis de Reconquista, agradecemos la benevolencia del Se\u00f1or para con su Pueblo, y encomendamos al cuidado maternal de Mar\u00eda Inmaculada, la vida y el ministerio de los futuros di\u00e1conos.<\/p>\n","protected":false},"excerpt":{"rendered":"<div class=\"mh-excerpt\"><p>Con gozo, anunciamos que Dios mediante, el 15 de agosto de 2021, Solemnidad de la Asunci\u00f3n de Mar\u00eda, en la Iglesia Catedral de Reconquista, ser\u00e1n <a class=\"mh-excerpt-more\" href=\"https:\/\/www.obispadorqta.org.ar\/v3\/ordenaciones-diaconales-2\/\" title=\"ORDENACIONES DIACONALES\">[&#8230;]<\/a><\/p>\n<\/div>","protected":false},"author":2,"featured_media":6744,"comment_status":"closed","ping_status":"open","sticky":false,"template":"","format":"standard","meta":{"footnotes":""},"categories":[6,28],"tags":[],"class_list":["post-6743","post","type-post","status-publish","format-standard","has-post-thumbnail","hentry","category-news","category-latest-news"],"_links":{"self":[{"href":"https:\/\/www.obispadorqta.org.ar\/v3\/wp-json\/wp\/v2\/posts\/6743","targetHints":{"allow":["GET"]}}],"collection":[{"href":"https:\/\/www.obispadorqta.org.ar\/v3\/wp-json\/wp\/v2\/posts"}],"about":[{"href":"https:\/\/www.obispadorqta.org.ar\/v3\/wp-json\/wp\/v2\/types\/post"}],"author":[{"embeddable":true,"href":"https:\/\/www.obispadorqta.org.ar\/v3\/wp-json\/wp\/v2\/users\/2"}],"replies":[{"embeddable":true,"href":"https:\/\/www.obispadorqta.org.ar\/v3\/wp-json\/wp\/v2\/comments?post=6743"}],"version-history":[{"count":2,"href":"https:\/\/www.obispadorqta.org.ar\/v3\/wp-json\/wp\/v2\/posts\/6743\/revisions"}],"predecessor-version":[{"id":6746,"href":"https:\/\/www.obispadorqta.org.ar\/v3\/wp-json\/wp\/v2\/posts\/6743\/revisions\/6746"}],"wp:featuredmedia":[{"embeddable":true,"href":"https:\/\/www.obispadorqta.org.ar\/v3\/wp-json\/wp\/v2\/media\/6744"}],"wp:attachment":[{"href":"https:\/\/www.obispadorqta.org.ar\/v3\/wp-json\/wp\/v2\/media?parent=6743"}],"wp:term":[{"taxonomy":"category","embeddable":true,"href":"https:\/\/www.obispadorqta.org.ar\/v3\/wp-json\/wp\/v2\/categories?post=6743"},{"taxonomy":"post_tag","embeddable":true,"href":"https:\/\/www.obispadorqta.org.ar\/v3\/wp-json\/wp\/v2\/tags?post=6743"}],"curies":[{"name":"wp","href":"https:\/\/api.w.org\/{rel}","templated":true}]}}