{"id":6747,"date":"2021-07-20T09:10:29","date_gmt":"2021-07-20T12:10:29","guid":{"rendered":"http:\/\/www.obispadorqta.org.ar\/v3\/?p=6747"},"modified":"2021-07-21T12:00:15","modified_gmt":"2021-07-21T15:00:15","slug":"jornada-nacional-de-oracion-por-los-muertos-en-la-pandemia-2","status":"publish","type":"post","link":"https:\/\/www.obispadorqta.org.ar\/v3\/jornada-nacional-de-oracion-por-los-muertos-en-la-pandemia-2\/","title":{"rendered":"Jornada Nacional de Oraci\u00f3n por los muertos en la pandemia"},"content":{"rendered":"<p style=\"text-align: justify;\">Con motivo de la Jornada Nacional de Oraci\u00f3n por los fallecidos a causa de la pandemia de Covid-19, convocada por la Conferencia Episcopal Argentina para el 23 de julio, iniciativa a la que adhiere toda la Di\u00f3cesis.<\/p>\n<p style=\"text-align: justify;\">Asimismo, algunas parroquias de la Di\u00f3cesis hacen extensiva es jornada de oraci\u00f3n a todo el fin de semana. En consideraci\u00f3n a esto, el obispo diocesano, Mons. \u00c1ngel Jos\u00e9 Mac\u00edn, presidir\u00e1 la Santa Misa el d\u00eda <strong>domingo<\/strong><strong> 25 de julio a las 10 hs., en la Iglesia Catedral de Reconquista.<\/strong><\/p>\n<p style=\"text-align: justify;\">La intenci\u00f3n de esta celebraci\u00f3n es pedir al Se\u00f1or el eterno descanso de las v\u00edctimas y el consuelo y fortaleza de sus familiares y amigos.<\/p>\n<p style=\"text-align: justify;\">La fe en Cristo muerto y resucitado renueve nuestra esperanza y nos fortalezca en esta dura situaci\u00f3n, uni\u00e9ndonos en el dolor por las p\u00e9rdidas y la confianza en la misericordia de Dios.<\/p>\n\n\n<figure class=\"wp-block-image size-large is-resized\"><img loading=\"lazy\" decoding=\"async\" src=\"https:\/\/www.obispadorqta.org.ar\/v3\/wp-content\/uploads\/2021\/07\/221747644_1946783232144749_3064226128632454271_n-724x1024.jpg\" alt=\"\" class=\"wp-image-6766\" width=\"724\" height=\"1024\" srcset=\"https:\/\/www.obispadorqta.org.ar\/v3\/wp-content\/uploads\/2021\/07\/221747644_1946783232144749_3064226128632454271_n-724x1024.jpg 724w, https:\/\/www.obispadorqta.org.ar\/v3\/wp-content\/uploads\/2021\/07\/221747644_1946783232144749_3064226128632454271_n-212x300.jpg 212w, https:\/\/www.obispadorqta.org.ar\/v3\/wp-content\/uploads\/2021\/07\/221747644_1946783232144749_3064226128632454271_n-768x1087.jpg 768w, https:\/\/www.obispadorqta.org.ar\/v3\/wp-content\/uploads\/2021\/07\/221747644_1946783232144749_3064226128632454271_n.jpg 793w\" sizes=\"auto, (max-width: 724px) 100vw, 724px\" \/><\/figure>\n\n\n\n<p><\/p>\n","protected":false},"excerpt":{"rendered":"<div class=\"mh-excerpt\"><p>Con motivo de la Jornada Nacional de Oraci\u00f3n por los fallecidos a causa de la pandemia de Covid-19, convocada por la Conferencia Episcopal Argentina para <a class=\"mh-excerpt-more\" href=\"https:\/\/www.obispadorqta.org.ar\/v3\/jornada-nacional-de-oracion-por-los-muertos-en-la-pandemia-2\/\" title=\"Jornada Nacional de Oraci\u00f3n por los muertos en la pandemia\">[&#8230;]<\/a><\/p>\n<\/div>","protected":false},"author":3,"featured_media":6765,"comment_status":"closed","ping_status":"open","sticky":false,"template":"","format":"standard","meta":{"footnotes":""},"categories":[6,28],"tags":[],"class_list":["post-6747","post","type-post","status-publish","format-standard","has-post-thumbnail","hentry","category-news","category-latest-news"],"_links":{"self":[{"href":"https:\/\/www.obispadorqta.org.ar\/v3\/wp-json\/wp\/v2\/posts\/6747","targetHints":{"allow":["GET"]}}],"collection":[{"href":"https:\/\/www.obispadorqta.org.ar\/v3\/wp-json\/wp\/v2\/posts"}],"about":[{"href":"https:\/\/www.obispadorqta.org.ar\/v3\/wp-json\/wp\/v2\/types\/post"}],"author":[{"embeddable":true,"href":"https:\/\/www.obispadorqta.org.ar\/v3\/wp-json\/wp\/v2\/users\/3"}],"replies":[{"embeddable":true,"href":"https:\/\/www.obispadorqta.org.ar\/v3\/wp-json\/wp\/v2\/comments?post=6747"}],"version-history":[{"count":5,"href":"https:\/\/www.obispadorqta.org.ar\/v3\/wp-json\/wp\/v2\/posts\/6747\/revisions"}],"predecessor-version":[{"id":6768,"href":"https:\/\/www.obispadorqta.org.ar\/v3\/wp-json\/wp\/v2\/posts\/6747\/revisions\/6768"}],"wp:featuredmedia":[{"embeddable":true,"href":"https:\/\/www.obispadorqta.org.ar\/v3\/wp-json\/wp\/v2\/media\/6765"}],"wp:attachment":[{"href":"https:\/\/www.obispadorqta.org.ar\/v3\/wp-json\/wp\/v2\/media?parent=6747"}],"wp:term":[{"taxonomy":"category","embeddable":true,"href":"https:\/\/www.obispadorqta.org.ar\/v3\/wp-json\/wp\/v2\/categories?post=6747"},{"taxonomy":"post_tag","embeddable":true,"href":"https:\/\/www.obispadorqta.org.ar\/v3\/wp-json\/wp\/v2\/tags?post=6747"}],"curies":[{"name":"wp","href":"https:\/\/api.w.org\/{rel}","templated":true}]}}