{"id":6755,"date":"2021-07-21T11:23:21","date_gmt":"2021-07-21T14:23:21","guid":{"rendered":"http:\/\/www.obispadorqta.org.ar\/v3\/?p=6755"},"modified":"2021-07-21T12:14:20","modified_gmt":"2021-07-21T15:14:20","slug":"25-de-julio-pimera-jornada-mundial-de-los-abuelos-y-las-personas-mayores","status":"publish","type":"post","link":"https:\/\/www.obispadorqta.org.ar\/v3\/25-de-julio-pimera-jornada-mundial-de-los-abuelos-y-las-personas-mayores\/","title":{"rendered":"25 de Julio: Primera Jornada Mundial de los Abuelos y las Personas Mayores"},"content":{"rendered":"<p style=\"text-align: justify;\"><em><strong>\u201cYo estoy contigo todos los d\u00edas\u201d<\/strong><\/em>: es el tema elegido por el Santo Padre para la Primera Jornada Mundial de los Abuelos y las Personas Mayores, a celebrarse el pr\u00f3ximo 25 de julio.<\/p>\n<p style=\"text-align: justify;\">As\u00ed lo da a conocer en un comunicado del Dicasterio para los Laicos, la Familia y la Vida. El tema quiere expresar la cercan\u00eda del Se\u00f1or y de la Iglesia en la vida de cada persona mayor, especialmente en este dif\u00edcil momento de pandemia.<\/p>\n<p style=\"text-align: justify;\">\u201cYo estoy contigo todos los d\u00edas\u201d es tambi\u00e9n una promesa de cercan\u00eda y esperanza que j\u00f3venes y mayores pueden expresarse mutuamente \u2013 precisa el comunicado. De hecho, no s\u00f3lo los nietos y los j\u00f3venes est\u00e1n llamados a estar presentes en la vida de las personas mayores, sino que los mayores y los abuelos tienen tambi\u00e9n una misi\u00f3n de evangelizaci\u00f3n, de anuncio, de oraci\u00f3n y de gu\u00eda de los j\u00f3venes a la fe.<\/p>\n<p style=\"text-align: justify;\">El Papa Francisco anunci\u00f3 la instituci\u00f3n de esta Jornada tras el rezo del \u00c1ngelus del domingo 31 de enero, estableciendo la celebraci\u00f3n el cuarto domingo de julio, cerca de la memoria lit\u00fargica de los santos Joaqu\u00edn y Ana, abuelos de Jes\u00fas. \u201cEslab\u00f3n\u201d entre generaciones para transmitir a los j\u00f3venes la experiencia de la vida y la fe, \u201clos abuelos son a menudo olvidados \u2013 subray\u00f3 el Papa en esa ocasi\u00f3n\u2013y nosotros olvidamos esta riqueza de custodiar las ra\u00edces y transmitirlas\u201d. De aqu\u00ed la decisi\u00f3n del Pont\u00edfice de instituir esta Jornada Mundial.<\/p>\n<p style=\"text-align: justify;\">Con ocasi\u00f3n de la primera Jornada Mundial de los Abuelos y de las personas mayores, el papa Francisco concedi\u00f3 a los fieles el poder obtener la Indulgencia Plenaria bajo las condiciones previstas por la Iglesia.<\/p>\n<p style=\"text-align: justify;\">En el decreto, la Penitenciar\u00eda apost\u00f3lica concede tambi\u00e9n ese mismo d\u00eda la Indulgencia Plenaria a los fieles que dedicar\u00e1n un tiempo adecuado a visitar real o virtualmente a sus hermanos mayores necesitados o en dificultad (como enfermos, abandonados, discapacitados y similares).<\/p>\n<p style=\"text-align: justify;\">La Indulgencia Plenaria puede concederse tambi\u00e9n a los mayores enfermos y a todos los que no pueden salir de casa por un motivo grave, siempre que se abstengan de todo pecado y tengan la intenci\u00f3n de cumplir las tres condiciones habituales lo antes posible, se unir\u00e1n espiritualmente a los actos sagrados de la Jornada Mundial, ofreciendo al Dios Misericordioso sus oraciones, dolores o sufrimientos de su vida, sobre todo, mientras las palabras del Sumo Pont\u00edfice y las celebraciones se transmiten por televisi\u00f3n y radio, pero tambi\u00e9n a trav\u00e9s de los nuevos medios de comunicaci\u00f3n social.<\/p>\n","protected":false},"excerpt":{"rendered":"<div class=\"mh-excerpt\"><p>\u201cYo estoy contigo todos los d\u00edas\u201d: es el tema elegido por el Santo Padre para la Primera Jornada Mundial de los Abuelos y las Personas <a class=\"mh-excerpt-more\" href=\"https:\/\/www.obispadorqta.org.ar\/v3\/25-de-julio-pimera-jornada-mundial-de-los-abuelos-y-las-personas-mayores\/\" title=\"25 de Julio: Primera Jornada Mundial de los Abuelos y las Personas Mayores\">[&#8230;]<\/a><\/p>\n<\/div>","protected":false},"author":3,"featured_media":6769,"comment_status":"closed","ping_status":"open","sticky":false,"template":"","format":"standard","meta":{"footnotes":""},"categories":[6,28],"tags":[],"class_list":["post-6755","post","type-post","status-publish","format-standard","has-post-thumbnail","hentry","category-news","category-latest-news"],"_links":{"self":[{"href":"https:\/\/www.obispadorqta.org.ar\/v3\/wp-json\/wp\/v2\/posts\/6755","targetHints":{"allow":["GET"]}}],"collection":[{"href":"https:\/\/www.obispadorqta.org.ar\/v3\/wp-json\/wp\/v2\/posts"}],"about":[{"href":"https:\/\/www.obispadorqta.org.ar\/v3\/wp-json\/wp\/v2\/types\/post"}],"author":[{"embeddable":true,"href":"https:\/\/www.obispadorqta.org.ar\/v3\/wp-json\/wp\/v2\/users\/3"}],"replies":[{"embeddable":true,"href":"https:\/\/www.obispadorqta.org.ar\/v3\/wp-json\/wp\/v2\/comments?post=6755"}],"version-history":[{"count":3,"href":"https:\/\/www.obispadorqta.org.ar\/v3\/wp-json\/wp\/v2\/posts\/6755\/revisions"}],"predecessor-version":[{"id":6770,"href":"https:\/\/www.obispadorqta.org.ar\/v3\/wp-json\/wp\/v2\/posts\/6755\/revisions\/6770"}],"wp:featuredmedia":[{"embeddable":true,"href":"https:\/\/www.obispadorqta.org.ar\/v3\/wp-json\/wp\/v2\/media\/6769"}],"wp:attachment":[{"href":"https:\/\/www.obispadorqta.org.ar\/v3\/wp-json\/wp\/v2\/media?parent=6755"}],"wp:term":[{"taxonomy":"category","embeddable":true,"href":"https:\/\/www.obispadorqta.org.ar\/v3\/wp-json\/wp\/v2\/categories?post=6755"},{"taxonomy":"post_tag","embeddable":true,"href":"https:\/\/www.obispadorqta.org.ar\/v3\/wp-json\/wp\/v2\/tags?post=6755"}],"curies":[{"name":"wp","href":"https:\/\/api.w.org\/{rel}","templated":true}]}}