{"id":6772,"date":"2021-07-23T10:47:01","date_gmt":"2021-07-23T13:47:01","guid":{"rendered":"http:\/\/www.obispadorqta.org.ar\/v3\/?p=6772"},"modified":"2021-07-23T10:47:19","modified_gmt":"2021-07-23T13:47:19","slug":"duelo-4","status":"publish","type":"post","link":"https:\/\/www.obispadorqta.org.ar\/v3\/duelo-4\/","title":{"rendered":"Duelo"},"content":{"rendered":"<p style=\"text-align: justify;\">Con profundo dolor, pero convencidos de nuestra Fe en la Resurrecci\u00f3n (Juan 14:3 <em>\u201c&#8230; para que donde Yo est\u00e9, all\u00ed est\u00e9n ustedes tambien\u201d)<\/em>, comunicamos el fallecimiento de Josefa Delfina Riva, parte de la familia de la Curia Diocesana, qui\u00e9n se desempe\u00f1aba como Directora del Archivo Hist\u00f3rico de la Di\u00f3cesis de Reconquista.<\/p>\n<p style=\"text-align: justify;\">Josefa parti\u00f3 a la Casa del Padre, en la ma\u00f1ana del d\u00eda de hoy, luego de una larga enfermedad, la cual siempre vivi\u00f3 y luch\u00f3 con la entereza que la caracterizaba, siendo testimonio para muchos, a\u00fan en los momentos m\u00e1s dif\u00edciles, siempre refugiada en el amor de Mam\u00e1 Mar\u00eda.<\/p>\n<p style=\"text-align: justify;\">Elevamos nuestras oraciones por el eterno descanso de Josefa, por su familia y seres queridos, que los sostenga en estos momentos de tristeza, con la firme certeza, del encuentro de \u201cJose\u201d con el Creador de toda vida.<\/p>\n","protected":false},"excerpt":{"rendered":"<div class=\"mh-excerpt\"><p>Con profundo dolor, pero convencidos de nuestra Fe en la Resurrecci\u00f3n (Juan 14:3 \u201c&#8230; para que donde Yo est\u00e9, all\u00ed est\u00e9n ustedes tambien\u201d), comunicamos el <a class=\"mh-excerpt-more\" href=\"https:\/\/www.obispadorqta.org.ar\/v3\/duelo-4\/\" title=\"Duelo\">[&#8230;]<\/a><\/p>\n<\/div>","protected":false},"author":2,"featured_media":6776,"comment_status":"closed","ping_status":"open","sticky":false,"template":"","format":"standard","meta":{"footnotes":""},"categories":[6,28],"tags":[],"class_list":["post-6772","post","type-post","status-publish","format-standard","has-post-thumbnail","hentry","category-news","category-latest-news"],"_links":{"self":[{"href":"https:\/\/www.obispadorqta.org.ar\/v3\/wp-json\/wp\/v2\/posts\/6772","targetHints":{"allow":["GET"]}}],"collection":[{"href":"https:\/\/www.obispadorqta.org.ar\/v3\/wp-json\/wp\/v2\/posts"}],"about":[{"href":"https:\/\/www.obispadorqta.org.ar\/v3\/wp-json\/wp\/v2\/types\/post"}],"author":[{"embeddable":true,"href":"https:\/\/www.obispadorqta.org.ar\/v3\/wp-json\/wp\/v2\/users\/2"}],"replies":[{"embeddable":true,"href":"https:\/\/www.obispadorqta.org.ar\/v3\/wp-json\/wp\/v2\/comments?post=6772"}],"version-history":[{"count":1,"href":"https:\/\/www.obispadorqta.org.ar\/v3\/wp-json\/wp\/v2\/posts\/6772\/revisions"}],"predecessor-version":[{"id":6774,"href":"https:\/\/www.obispadorqta.org.ar\/v3\/wp-json\/wp\/v2\/posts\/6772\/revisions\/6774"}],"wp:featuredmedia":[{"embeddable":true,"href":"https:\/\/www.obispadorqta.org.ar\/v3\/wp-json\/wp\/v2\/media\/6776"}],"wp:attachment":[{"href":"https:\/\/www.obispadorqta.org.ar\/v3\/wp-json\/wp\/v2\/media?parent=6772"}],"wp:term":[{"taxonomy":"category","embeddable":true,"href":"https:\/\/www.obispadorqta.org.ar\/v3\/wp-json\/wp\/v2\/categories?post=6772"},{"taxonomy":"post_tag","embeddable":true,"href":"https:\/\/www.obispadorqta.org.ar\/v3\/wp-json\/wp\/v2\/tags?post=6772"}],"curies":[{"name":"wp","href":"https:\/\/api.w.org\/{rel}","templated":true}]}}