{"id":6777,"date":"2021-07-26T10:31:18","date_gmt":"2021-07-26T13:31:18","guid":{"rendered":"http:\/\/www.obispadorqta.org.ar\/v3\/?p=6777"},"modified":"2021-07-26T10:31:31","modified_gmt":"2021-07-26T13:31:31","slug":"estudios-de-post-grado-del-p-nicolas-benitez","status":"publish","type":"post","link":"https:\/\/www.obispadorqta.org.ar\/v3\/estudios-de-post-grado-del-p-nicolas-benitez\/","title":{"rendered":"ESTUDIOS DE POST-GRADO DEL P. NICOL\u00c1S BEN\u00cdTEZ"},"content":{"rendered":"<p style=\"text-align: justify;\">Desde el Obispado de Reconquista, compartimos un comunicado del obispo diocesano, Mons. Dr. \u00c1ngel Jos\u00e9 Mac\u00edn en relaci\u00f3n a los estudios de post-grado del Pbro. Guillermo Nicol\u00e1s Ben\u00edtez:<\/p>\n<p style=\"text-align: justify;\">\n<p style=\"text-align: justify;\">&nbsp; &nbsp; &nbsp;En vistas a un mejor servicio al Pueblo de Dios en lo que se refiere al cuidado de los ni\u00f1os y las personas en general en los \u00e1mbitos eclesiales, despu\u00e9s de un largo camino de gestiones, <strong>el P. Guillermo Nicol\u00e1s Ben\u00edtez ser\u00e1 enviado a realizar estudios de post-grado en Derecho Can\u00f3nico, en la Catholical University of America, Washington D.C.<\/strong> Este lugar fue decidido no solo por la excelencia de la formaci\u00f3n que all\u00ed se imparte, sino tambi\u00e9n porque la Iglesia Americana ha pasado por graves tribulaciones y las est\u00e1 superando, con humildad y compromiso. Esta experiencia queremos que conozca el P. Nicol\u00e1s, para compartirla luego en nuestra di\u00f3cesis.<\/p>\n<p style=\"text-align: justify;\">&nbsp; &nbsp; &nbsp;El Santo Padre Francisco insiste en la necesidad de un tiempo nuevo y de un camino de purificaci\u00f3n en la Iglesia de todo tipo de abuso y, especialmente en la protecci\u00f3n y prevenci\u00f3n de los mismos, en ni\u00f1os y personas vulnerables. En su emotiva carta al Card. R Marx, dec\u00eda: \u201c\u2026<em>Toda la Iglesia est\u00e1 en crisis a causa del asunto de los abusos; m\u00e1s a\u00fan, la Iglesia hoy no puede dar un paso adelante sin asumir esta crisis. La pol\u00edtica del avestruz no lleva a nada, y la crisis tiene que ser asumida desde nuestra fe pascual<\/em>\u201d.<\/p>\n<p style=\"text-align: justify;\">&nbsp; &nbsp; &nbsp;En el itinerario diocesano que estamos intentando recorrer, siguiendo esta clara orientaci\u00f3n, se inscribe la elaboraci\u00f3n del \u201cC\u00f3digo de Conducta\u201d para cl\u00e9rigos y agentes de pastoral, la creaci\u00f3n de la \u201cCOPAAE\u201d (COMISI\u00d3N PREVENCI\u00d3N DE ABUSOS EN AMBIENTES ECLESIALES), la reciente instituci\u00f3n de la \u201cOficina de Recepci\u00f3n de Informes\u201d referidos a presuntos abusos de cl\u00e9rigos o laicos comprometidos, la organizaci\u00f3n de talleres de formaci\u00f3n en la materia, adem\u00e1s del delicado y dif\u00edcil trabajo que lleva adelante el Tribunal Diocesano de Primera Instancia, son algunos ejemplos.<\/p>\n<p style=\"text-align: justify;\">&nbsp; &nbsp; &nbsp;La apuesta tiene su costo, pero gracias a las gestiones del Card. Sean P. O\u2019Malley, un luminoso testigo del cuidado de los m\u00e1s peque\u00f1os, y a la muy probable ayuda de ADVENIAT, la conocida agencia alemana que trabaja en favor de las Iglesias m\u00e1s necesitadas, se han conseguido los fondos suficientes para costear las erogaciones que ello supone.<\/p>\n<p style=\"text-align: justify;\">&nbsp; &nbsp; &nbsp;Agradezco sinceramente al P. Nicol\u00e1s por aceptar este desaf\u00edo, prepar\u00e1ndose durante estos a\u00f1os con esmero en el estudio del ingl\u00e9s y otras materias, y a la comunidad de Avellaneda, quien lo ha acompa\u00f1ado en sus primeros a\u00f1os de ministerio. Les pido que sigan rezando por \u00e9l y lo sigan acompa\u00f1ando con su afecto a la distancia.<\/p>\n<p style=\"text-align: justify;\">&nbsp; &nbsp; &nbsp;En breve, se dar\u00e1 a conocer quien se sumara al equipo sacerdotal de la parroquia, junto al P. Walter V\u00e9nica, religiosas y laicos, para atender la intensa labor pastoral de all\u00ed se desarrolla.<\/p>\n<p style=\"text-align: right;\">+ Mons. \u00c1ngel Jos\u00e9 Mac\u00edn<\/p>\n<p style=\"text-align: right;\">Obispo de Reconquista<\/p>\n","protected":false},"excerpt":{"rendered":"<div class=\"mh-excerpt\"><p>Desde el Obispado de Reconquista, compartimos un comunicado del obispo diocesano, Mons. Dr. \u00c1ngel Jos\u00e9 Mac\u00edn en relaci\u00f3n a los estudios de post-grado del Pbro. <a class=\"mh-excerpt-more\" href=\"https:\/\/www.obispadorqta.org.ar\/v3\/estudios-de-post-grado-del-p-nicolas-benitez\/\" title=\"ESTUDIOS DE POST-GRADO DEL P. NICOL\u00c1S BEN\u00cdTEZ\">[&#8230;]<\/a><\/p>\n<\/div>","protected":false},"author":2,"featured_media":6781,"comment_status":"closed","ping_status":"open","sticky":false,"template":"","format":"standard","meta":{"footnotes":""},"categories":[6,28],"tags":[],"class_list":["post-6777","post","type-post","status-publish","format-standard","has-post-thumbnail","hentry","category-news","category-latest-news"],"_links":{"self":[{"href":"https:\/\/www.obispadorqta.org.ar\/v3\/wp-json\/wp\/v2\/posts\/6777","targetHints":{"allow":["GET"]}}],"collection":[{"href":"https:\/\/www.obispadorqta.org.ar\/v3\/wp-json\/wp\/v2\/posts"}],"about":[{"href":"https:\/\/www.obispadorqta.org.ar\/v3\/wp-json\/wp\/v2\/types\/post"}],"author":[{"embeddable":true,"href":"https:\/\/www.obispadorqta.org.ar\/v3\/wp-json\/wp\/v2\/users\/2"}],"replies":[{"embeddable":true,"href":"https:\/\/www.obispadorqta.org.ar\/v3\/wp-json\/wp\/v2\/comments?post=6777"}],"version-history":[{"count":4,"href":"https:\/\/www.obispadorqta.org.ar\/v3\/wp-json\/wp\/v2\/posts\/6777\/revisions"}],"predecessor-version":[{"id":6782,"href":"https:\/\/www.obispadorqta.org.ar\/v3\/wp-json\/wp\/v2\/posts\/6777\/revisions\/6782"}],"wp:featuredmedia":[{"embeddable":true,"href":"https:\/\/www.obispadorqta.org.ar\/v3\/wp-json\/wp\/v2\/media\/6781"}],"wp:attachment":[{"href":"https:\/\/www.obispadorqta.org.ar\/v3\/wp-json\/wp\/v2\/media?parent=6777"}],"wp:term":[{"taxonomy":"category","embeddable":true,"href":"https:\/\/www.obispadorqta.org.ar\/v3\/wp-json\/wp\/v2\/categories?post=6777"},{"taxonomy":"post_tag","embeddable":true,"href":"https:\/\/www.obispadorqta.org.ar\/v3\/wp-json\/wp\/v2\/tags?post=6777"}],"curies":[{"name":"wp","href":"https:\/\/api.w.org\/{rel}","templated":true}]}}