{"id":6787,"date":"2021-08-03T10:39:07","date_gmt":"2021-08-03T13:39:07","guid":{"rendered":"http:\/\/www.obispadorqta.org.ar\/v3\/?p=6787"},"modified":"2023-08-22T11:51:55","modified_gmt":"2023-08-22T14:51:55","slug":"dia-del-sacerdote-2","status":"publish","type":"post","link":"https:\/\/www.obispadorqta.org.ar\/v3\/dia-del-sacerdote-2\/","title":{"rendered":"D\u00cdA DEL SACERDOTE"},"content":{"rendered":"<p style=\"text-align: justify;\">Con ocasi\u00f3n de la memoria de San Juan Mar\u00eda Vianney, el pr\u00f3ximo 4 de agosto se celebrar\u00e1 el d\u00eda del sacerdote y, especialmente de los p\u00e1rrocos.<\/p>\n<p style=\"text-align: justify;\">Para todo el Pueblo de Dios es una ocasi\u00f3n para agradecer la presencia de los sacerdotes en nuestra di\u00f3cesis y orar por su santificaci\u00f3n, por la intercesi\u00f3n del Santo Cura de Ars y del Santo Cura Brochero.<\/p>\n\n\n<p><\/p>\n","protected":false},"excerpt":{"rendered":"<div class=\"mh-excerpt\"><p>Con ocasi\u00f3n de la memoria de San Juan Mar\u00eda Vianney, el pr\u00f3ximo 4 de agosto se celebrar\u00e1 el d\u00eda del sacerdote y, especialmente de los <a class=\"mh-excerpt-more\" href=\"https:\/\/www.obispadorqta.org.ar\/v3\/dia-del-sacerdote-2\/\" title=\"D\u00cdA DEL SACERDOTE\">[&#8230;]<\/a><\/p>\n<\/div>","protected":false},"author":3,"featured_media":6788,"comment_status":"closed","ping_status":"open","sticky":false,"template":"","format":"standard","meta":{"footnotes":""},"categories":[6,28],"tags":[],"class_list":["post-6787","post","type-post","status-publish","format-standard","has-post-thumbnail","hentry","category-news","category-latest-news"],"_links":{"self":[{"href":"https:\/\/www.obispadorqta.org.ar\/v3\/wp-json\/wp\/v2\/posts\/6787","targetHints":{"allow":["GET"]}}],"collection":[{"href":"https:\/\/www.obispadorqta.org.ar\/v3\/wp-json\/wp\/v2\/posts"}],"about":[{"href":"https:\/\/www.obispadorqta.org.ar\/v3\/wp-json\/wp\/v2\/types\/post"}],"author":[{"embeddable":true,"href":"https:\/\/www.obispadorqta.org.ar\/v3\/wp-json\/wp\/v2\/users\/3"}],"replies":[{"embeddable":true,"href":"https:\/\/www.obispadorqta.org.ar\/v3\/wp-json\/wp\/v2\/comments?post=6787"}],"version-history":[{"count":1,"href":"https:\/\/www.obispadorqta.org.ar\/v3\/wp-json\/wp\/v2\/posts\/6787\/revisions"}],"predecessor-version":[{"id":6789,"href":"https:\/\/www.obispadorqta.org.ar\/v3\/wp-json\/wp\/v2\/posts\/6787\/revisions\/6789"}],"wp:featuredmedia":[{"embeddable":true,"href":"https:\/\/www.obispadorqta.org.ar\/v3\/wp-json\/wp\/v2\/media\/6788"}],"wp:attachment":[{"href":"https:\/\/www.obispadorqta.org.ar\/v3\/wp-json\/wp\/v2\/media?parent=6787"}],"wp:term":[{"taxonomy":"category","embeddable":true,"href":"https:\/\/www.obispadorqta.org.ar\/v3\/wp-json\/wp\/v2\/categories?post=6787"},{"taxonomy":"post_tag","embeddable":true,"href":"https:\/\/www.obispadorqta.org.ar\/v3\/wp-json\/wp\/v2\/tags?post=6787"}],"curies":[{"name":"wp","href":"https:\/\/api.w.org\/{rel}","templated":true}]}}