{"id":6791,"date":"2021-08-09T09:58:25","date_gmt":"2021-08-09T12:58:25","guid":{"rendered":"http:\/\/www.obispadorqta.org.ar\/v3\/?p=6791"},"modified":"2021-08-09T09:58:34","modified_gmt":"2021-08-09T12:58:34","slug":"dia-del-diacono-permanente","status":"publish","type":"post","link":"https:\/\/www.obispadorqta.org.ar\/v3\/dia-del-diacono-permanente\/","title":{"rendered":"D\u00cdA DEL DI\u00c1CONO PERMANENTE"},"content":{"rendered":"<p style=\"text-align: justify;\">Con ocasi\u00f3n de la festividad de San Lorenzo, se celebra en toda la Iglesia el d\u00eda del Di\u00e1cono Permanente. En nuestra di\u00f3cesis es una experiencia reciente que tenemos que agradecer y cuidar.<\/p>\n<p style=\"text-align: justify;\">Por lo tanto, el martes 10, a las 18 hs., en la Iglesia Catedral, se celebrar\u00e1 la Santa Misa, dando gracias por nuestros di\u00e1conos y pidiendo a Dios renueve su carisma de servicio a los m\u00e1s necesitados.<\/p>\n<p style=\"text-align: justify;\">En la Eucarist\u00eda, que ser\u00e1 presidida por el Vicario General, Mons. Silvio O. Fabbro, el ac\u00f3lito Ceferino Jorge Ben\u00edtez y el ac\u00f3lito Luciano Carneiro har\u00e1n su profesi\u00f3n de fe y juramento de fidelidad, ya pr\u00f3ximos a la ordenaci\u00f3n diaconal. Adem\u00e1s, Luciano har\u00e1 su promesa de celibato por el Reino de Dios.<\/p>\n<p style=\"text-align: justify;\">Nuestra gratitud y plegaria por este don de Dios para nuestra Di\u00f3cesis de Reconquista.<\/p>\n","protected":false},"excerpt":{"rendered":"<div class=\"mh-excerpt\"><p>Con ocasi\u00f3n de la festividad de San Lorenzo, se celebra en toda la Iglesia el d\u00eda del Di\u00e1cono Permanente. En nuestra di\u00f3cesis es una experiencia <a class=\"mh-excerpt-more\" href=\"https:\/\/www.obispadorqta.org.ar\/v3\/dia-del-diacono-permanente\/\" title=\"D\u00cdA DEL DI\u00c1CONO PERMANENTE\">[&#8230;]<\/a><\/p>\n<\/div>","protected":false},"author":2,"featured_media":6792,"comment_status":"closed","ping_status":"open","sticky":false,"template":"","format":"standard","meta":{"footnotes":""},"categories":[6,28],"tags":[],"class_list":["post-6791","post","type-post","status-publish","format-standard","has-post-thumbnail","hentry","category-news","category-latest-news"],"_links":{"self":[{"href":"https:\/\/www.obispadorqta.org.ar\/v3\/wp-json\/wp\/v2\/posts\/6791","targetHints":{"allow":["GET"]}}],"collection":[{"href":"https:\/\/www.obispadorqta.org.ar\/v3\/wp-json\/wp\/v2\/posts"}],"about":[{"href":"https:\/\/www.obispadorqta.org.ar\/v3\/wp-json\/wp\/v2\/types\/post"}],"author":[{"embeddable":true,"href":"https:\/\/www.obispadorqta.org.ar\/v3\/wp-json\/wp\/v2\/users\/2"}],"replies":[{"embeddable":true,"href":"https:\/\/www.obispadorqta.org.ar\/v3\/wp-json\/wp\/v2\/comments?post=6791"}],"version-history":[{"count":2,"href":"https:\/\/www.obispadorqta.org.ar\/v3\/wp-json\/wp\/v2\/posts\/6791\/revisions"}],"predecessor-version":[{"id":6794,"href":"https:\/\/www.obispadorqta.org.ar\/v3\/wp-json\/wp\/v2\/posts\/6791\/revisions\/6794"}],"wp:featuredmedia":[{"embeddable":true,"href":"https:\/\/www.obispadorqta.org.ar\/v3\/wp-json\/wp\/v2\/media\/6792"}],"wp:attachment":[{"href":"https:\/\/www.obispadorqta.org.ar\/v3\/wp-json\/wp\/v2\/media?parent=6791"}],"wp:term":[{"taxonomy":"category","embeddable":true,"href":"https:\/\/www.obispadorqta.org.ar\/v3\/wp-json\/wp\/v2\/categories?post=6791"},{"taxonomy":"post_tag","embeddable":true,"href":"https:\/\/www.obispadorqta.org.ar\/v3\/wp-json\/wp\/v2\/tags?post=6791"}],"curies":[{"name":"wp","href":"https:\/\/api.w.org\/{rel}","templated":true}]}}