{"id":6807,"date":"2021-08-26T09:00:00","date_gmt":"2021-08-26T12:00:00","guid":{"rendered":"http:\/\/www.obispadorqta.org.ar\/v3\/?p=6807"},"modified":"2021-08-26T09:10:42","modified_gmt":"2021-08-26T12:10:42","slug":"conversatorio-la-persona-y-su-conciencia","status":"publish","type":"post","link":"https:\/\/www.obispadorqta.org.ar\/v3\/conversatorio-la-persona-y-su-conciencia\/","title":{"rendered":"CONVERSATORIO: LA PERSONA Y SU CONCIENCIA"},"content":{"rendered":"<p style=\"text-align: justify;\">Desde el Obispado de Reconquista, hacemos extensiva la invitaci\u00f3n a participar del Conversatorio \u00abLa Persona y su Conciencia\u00bb (Fundamentos Antropol\u00f3gicos &#8211; Aborto y Objeci\u00f3n de Conciencia), iniciativa que consta de dos encuentros virtuales mediante la plataforma ZOOM, organizada por el Departamento de Filosof\u00eda y Teolog\u00eda de la Universidad Cat\u00f3lica de Santa Fe y el Obispado de Reconquista.<\/p>\n<p style=\"text-align: justify;\">El primer encuentro se llevar\u00e1 a cabo el viernes 27 de agosto a las 19 hs., sobre los Fundamentos Antropol\u00f3gicos, el segundo encuentro ser\u00e1 el viernes 24 de septiembre a las 19 hs., sobre Aborto y Objeci\u00f3n de Conciencia.<\/p>\n<p style=\"text-align: justify;\">La primer disertaci\u00f3n de este conversatorio estar\u00e1 a cargo del Dr. Luis Niel, las licenciadas Mar\u00eda Bel\u00e9n Clemente y Daniela R\u00edos, y el Pbro. Lic. Rolando Danilo Gonz\u00e1lez.<\/p>\n<p style=\"text-align: justify;\"><strong>Para informes e inscripci\u00f3n v\u00eda e-mail al correo: vrecform@ucsf.edu.ar<\/strong><\/p>\n<p><img loading=\"lazy\" decoding=\"async\" class=\"aligncenter size-full wp-image-6848\" src=\"https:\/\/www.obispadorqta.org.ar\/v3\/wp-content\/uploads\/2021\/08\/IMG-20210826-WA0004.jpg\" alt=\"\" width=\"700\" height=\"1084\" srcset=\"https:\/\/www.obispadorqta.org.ar\/v3\/wp-content\/uploads\/2021\/08\/IMG-20210826-WA0004.jpg 700w, https:\/\/www.obispadorqta.org.ar\/v3\/wp-content\/uploads\/2021\/08\/IMG-20210826-WA0004-194x300.jpg 194w, https:\/\/www.obispadorqta.org.ar\/v3\/wp-content\/uploads\/2021\/08\/IMG-20210826-WA0004-661x1024.jpg 661w\" sizes=\"auto, (max-width: 700px) 100vw, 700px\" \/><\/p>\n<p style=\"text-align: justify;\">Animamos a todos aquellos quienes est\u00e9n interesados en participar, a sumarse de este espacio de capacitaci\u00f3n y formaci\u00f3n que hacen a la realidad de nuestras comunidades.<\/p>\n","protected":false},"excerpt":{"rendered":"<div class=\"mh-excerpt\"><p>Desde el Obispado de Reconquista, hacemos extensiva la invitaci\u00f3n a participar del Conversatorio \u00abLa Persona y su Conciencia\u00bb (Fundamentos Antropol\u00f3gicos &#8211; Aborto y Objeci\u00f3n de <a class=\"mh-excerpt-more\" href=\"https:\/\/www.obispadorqta.org.ar\/v3\/conversatorio-la-persona-y-su-conciencia\/\" title=\"CONVERSATORIO: LA PERSONA Y SU CONCIENCIA\">[&#8230;]<\/a><\/p>\n<\/div>","protected":false},"author":2,"featured_media":6847,"comment_status":"closed","ping_status":"open","sticky":false,"template":"","format":"standard","meta":{"footnotes":""},"categories":[6,28],"tags":[],"class_list":["post-6807","post","type-post","status-publish","format-standard","has-post-thumbnail","hentry","category-news","category-latest-news"],"_links":{"self":[{"href":"https:\/\/www.obispadorqta.org.ar\/v3\/wp-json\/wp\/v2\/posts\/6807","targetHints":{"allow":["GET"]}}],"collection":[{"href":"https:\/\/www.obispadorqta.org.ar\/v3\/wp-json\/wp\/v2\/posts"}],"about":[{"href":"https:\/\/www.obispadorqta.org.ar\/v3\/wp-json\/wp\/v2\/types\/post"}],"author":[{"embeddable":true,"href":"https:\/\/www.obispadorqta.org.ar\/v3\/wp-json\/wp\/v2\/users\/2"}],"replies":[{"embeddable":true,"href":"https:\/\/www.obispadorqta.org.ar\/v3\/wp-json\/wp\/v2\/comments?post=6807"}],"version-history":[{"count":9,"href":"https:\/\/www.obispadorqta.org.ar\/v3\/wp-json\/wp\/v2\/posts\/6807\/revisions"}],"predecessor-version":[{"id":6850,"href":"https:\/\/www.obispadorqta.org.ar\/v3\/wp-json\/wp\/v2\/posts\/6807\/revisions\/6850"}],"wp:featuredmedia":[{"embeddable":true,"href":"https:\/\/www.obispadorqta.org.ar\/v3\/wp-json\/wp\/v2\/media\/6847"}],"wp:attachment":[{"href":"https:\/\/www.obispadorqta.org.ar\/v3\/wp-json\/wp\/v2\/media?parent=6807"}],"wp:term":[{"taxonomy":"category","embeddable":true,"href":"https:\/\/www.obispadorqta.org.ar\/v3\/wp-json\/wp\/v2\/categories?post=6807"},{"taxonomy":"post_tag","embeddable":true,"href":"https:\/\/www.obispadorqta.org.ar\/v3\/wp-json\/wp\/v2\/tags?post=6807"}],"curies":[{"name":"wp","href":"https:\/\/api.w.org\/{rel}","templated":true}]}}