{"id":6819,"date":"2021-08-21T12:28:15","date_gmt":"2021-08-21T15:28:15","guid":{"rendered":"http:\/\/www.obispadorqta.org.ar\/v3\/?p=6819"},"modified":"2021-08-21T12:28:34","modified_gmt":"2021-08-21T15:28:34","slug":"casa-sacerdotal-cura-brochero","status":"publish","type":"post","link":"https:\/\/www.obispadorqta.org.ar\/v3\/casa-sacerdotal-cura-brochero\/","title":{"rendered":"CASA SACERDOTAL \u00abCURA BROCHERO\u00bb"},"content":{"rendered":"\n\n<p style=\"text-align: justify;\">En el d\u00eda de ayer, 19 de agosto, el Obispo Diocesano, Mons. \u00c1ngel Jos\u00e9 Mac\u00edn,, bendijo en Villa Ocampo la Casa Sacerdotal \u00abCura Brochero\u00bb, un espacio lindante al Templo Parroquial y destinado a ofrecerle un mejor cuidado al P. Bienvenido Yacuzzi, P\u00e1rroco Em\u00e9rito de la Parroquia Inmaculada Concepci\u00f3n de Villa Ocampo, quien seguir\u00e1 formando parte de la Comunidad Sacerdotal y colaborando en la atenci\u00f3n pastoral de los fieles.<\/p>\n<p style=\"text-align: justify;\">La casa es fruto de un esfuerzo del P. Rolando Gonz\u00e1lez, p\u00e1rroco actual de esa parroquia y de toda la comunidad de Villa Ocampo, quienes acompa\u00f1ados desde el obispado, han preparado un espacio digno para el P. Bienvenido y eventualmente, alg\u00fan otro sacerdote que necesite, de un modo temporario o permanente, de un lugar con estas caracter\u00edsticas.<\/p>\n<p style=\"text-align: justify;\">Adem\u00e1s, es proyecto del obispado, a mediano plazo, contar con otra vivienda de similares caracter\u00edsticas en alguna otra localidad de la di\u00f3cesis, que oportunamente se dar\u00e1 a conocer, para la residencia de los sacerdotes mayores o enfermos, y que ser\u00e1 como una ampliaci\u00f3n de la experiencia iniciada, siempre bajo el patrocinio del Santo Cura Brochero.<\/p>\n<p style=\"text-align: justify;\">Hacia el final de la celebraci\u00f3n, sencilla y familiar, habl\u00f3 el P. Bienvenido, quien recordando al Cura Brochero dijo que su principal misi\u00f3n ser\u00e1 rezar por la parroquia y por la Di\u00f3cesis de Reconquista.<\/p>\n\n\n<p><\/p>\n","protected":false},"excerpt":{"rendered":"<div class=\"mh-excerpt\"><p>En el d\u00eda de ayer, 19 de agosto, el Obispo Diocesano, Mons. \u00c1ngel Jos\u00e9 Mac\u00edn,, bendijo en Villa Ocampo la Casa Sacerdotal \u00abCura Brochero\u00bb, un <a class=\"mh-excerpt-more\" href=\"https:\/\/www.obispadorqta.org.ar\/v3\/casa-sacerdotal-cura-brochero\/\" title=\"CASA SACERDOTAL \u00abCURA BROCHERO\u00bb\">[&#8230;]<\/a><\/p>\n<\/div>","protected":false},"author":2,"featured_media":6820,"comment_status":"closed","ping_status":"open","sticky":false,"template":"","format":"standard","meta":{"footnotes":""},"categories":[6,28],"tags":[],"class_list":["post-6819","post","type-post","status-publish","format-standard","has-post-thumbnail","hentry","category-news","category-latest-news"],"_links":{"self":[{"href":"https:\/\/www.obispadorqta.org.ar\/v3\/wp-json\/wp\/v2\/posts\/6819","targetHints":{"allow":["GET"]}}],"collection":[{"href":"https:\/\/www.obispadorqta.org.ar\/v3\/wp-json\/wp\/v2\/posts"}],"about":[{"href":"https:\/\/www.obispadorqta.org.ar\/v3\/wp-json\/wp\/v2\/types\/post"}],"author":[{"embeddable":true,"href":"https:\/\/www.obispadorqta.org.ar\/v3\/wp-json\/wp\/v2\/users\/2"}],"replies":[{"embeddable":true,"href":"https:\/\/www.obispadorqta.org.ar\/v3\/wp-json\/wp\/v2\/comments?post=6819"}],"version-history":[{"count":3,"href":"https:\/\/www.obispadorqta.org.ar\/v3\/wp-json\/wp\/v2\/posts\/6819\/revisions"}],"predecessor-version":[{"id":6823,"href":"https:\/\/www.obispadorqta.org.ar\/v3\/wp-json\/wp\/v2\/posts\/6819\/revisions\/6823"}],"wp:featuredmedia":[{"embeddable":true,"href":"https:\/\/www.obispadorqta.org.ar\/v3\/wp-json\/wp\/v2\/media\/6820"}],"wp:attachment":[{"href":"https:\/\/www.obispadorqta.org.ar\/v3\/wp-json\/wp\/v2\/media?parent=6819"}],"wp:term":[{"taxonomy":"category","embeddable":true,"href":"https:\/\/www.obispadorqta.org.ar\/v3\/wp-json\/wp\/v2\/categories?post=6819"},{"taxonomy":"post_tag","embeddable":true,"href":"https:\/\/www.obispadorqta.org.ar\/v3\/wp-json\/wp\/v2\/tags?post=6819"}],"curies":[{"name":"wp","href":"https:\/\/api.w.org\/{rel}","templated":true}]}}