{"id":6831,"date":"2021-08-25T11:46:08","date_gmt":"2021-08-25T14:46:08","guid":{"rendered":"http:\/\/www.obispadorqta.org.ar\/v3\/?p=6831"},"modified":"2021-08-26T08:55:43","modified_gmt":"2021-08-26T11:55:43","slug":"41a-peregrinacion-regional-de-las-familias-de-la-catequesis-especial-nea","status":"publish","type":"post","link":"https:\/\/www.obispadorqta.org.ar\/v3\/41a-peregrinacion-regional-de-las-familias-de-la-catequesis-especial-nea\/","title":{"rendered":"41\u00aa Peregrinaci\u00f3n Regional de las Familias de la Catequesis especial NEA"},"content":{"rendered":"<p style=\"text-align: justify;\"><span style=\"color: #000000;\"><em>\u00abJos\u00e9 y Mar\u00eda nos gu\u00edan a Jes\u00fas\u00bb<\/em> es lema de la 41\u00aa Peregrinaci\u00f3n Regional de las Familias de la Catequesis especial NEA a la Bas\u00edlica de Itat\u00ed, que se llevar\u00e1 a cabo este domingo 29 de agosto 2021.<\/span><\/p>\n<p style=\"text-align: justify;\"><span style=\"color: #000000;\">Este a\u00f1o, por la pandemia y en el marco de las restricciones sanitarias, se desarrollar\u00e1 de manera virtual, a trav\u00e9s de las redes sociales y los medios de comunicaci\u00f3n.<\/span><\/p>\n<p style=\"text-align: justify;\"><span style=\"color: #000000;\">Para mantener este acontecimiento de fe que re\u00fane a ni\u00f1os, j\u00f3venes y adultos con capacidades especiales de las 10 di\u00f3cesis del NEA, durante esta semana se est\u00e1 realizando un Triduo de preparaci\u00f3n para la peregrinaci\u00f3n virtual a trav\u00e9s del Facebook de la Catequesis Especial, donde se realizan distintas actividades en torno a este evento.<\/span><\/p>\n<p style=\"text-align: justify;\"><span style=\"color: #000000;\">La jornada del domingo, comenzara virtualmente a las 10 hs. con la bienvenida a los peregrinos y el tradicional fog\u00f3n donde las familias de las distintas di\u00f3cesis comparten un momento de integraci\u00f3n con diferentes\u00a0 n\u00fameros art\u00edsticos y sus vivencias personales con los presentes. Luego a las 11 hs., se celebrar\u00e1 la Santa Misa en la bas\u00edlica \u201cNuestra Se\u00f1ora de Itat\u00ed\u201d, Corrientes, presidida por el P. Porfirio Ram\u00edrez, rector de la Bas\u00edlica.<\/span><\/p>\n<p style=\"text-align: justify;\"><em><span style=\"color: #808080;\">Facebook: Catequesis Especial Nea<\/span><\/em><\/p>\n\n\n<p><\/p>\n","protected":false},"excerpt":{"rendered":"<div class=\"mh-excerpt\"><p>\u00abJos\u00e9 y Mar\u00eda nos gu\u00edan a Jes\u00fas\u00bb es lema de la 41\u00aa Peregrinaci\u00f3n Regional de las Familias de la Catequesis especial NEA a la Bas\u00edlica <a class=\"mh-excerpt-more\" href=\"https:\/\/www.obispadorqta.org.ar\/v3\/41a-peregrinacion-regional-de-las-familias-de-la-catequesis-especial-nea\/\" title=\"41\u00aa Peregrinaci\u00f3n Regional de las Familias de la Catequesis especial NEA\">[&#8230;]<\/a><\/p>\n<\/div>","protected":false},"author":3,"featured_media":6832,"comment_status":"closed","ping_status":"open","sticky":false,"template":"","format":"standard","meta":{"footnotes":""},"categories":[85,28],"tags":[],"class_list":["post-6831","post","type-post","status-publish","format-standard","has-post-thumbnail","hentry","category-novenas","category-latest-news"],"_links":{"self":[{"href":"https:\/\/www.obispadorqta.org.ar\/v3\/wp-json\/wp\/v2\/posts\/6831","targetHints":{"allow":["GET"]}}],"collection":[{"href":"https:\/\/www.obispadorqta.org.ar\/v3\/wp-json\/wp\/v2\/posts"}],"about":[{"href":"https:\/\/www.obispadorqta.org.ar\/v3\/wp-json\/wp\/v2\/types\/post"}],"author":[{"embeddable":true,"href":"https:\/\/www.obispadorqta.org.ar\/v3\/wp-json\/wp\/v2\/users\/3"}],"replies":[{"embeddable":true,"href":"https:\/\/www.obispadorqta.org.ar\/v3\/wp-json\/wp\/v2\/comments?post=6831"}],"version-history":[{"count":4,"href":"https:\/\/www.obispadorqta.org.ar\/v3\/wp-json\/wp\/v2\/posts\/6831\/revisions"}],"predecessor-version":[{"id":6836,"href":"https:\/\/www.obispadorqta.org.ar\/v3\/wp-json\/wp\/v2\/posts\/6831\/revisions\/6836"}],"wp:featuredmedia":[{"embeddable":true,"href":"https:\/\/www.obispadorqta.org.ar\/v3\/wp-json\/wp\/v2\/media\/6832"}],"wp:attachment":[{"href":"https:\/\/www.obispadorqta.org.ar\/v3\/wp-json\/wp\/v2\/media?parent=6831"}],"wp:term":[{"taxonomy":"category","embeddable":true,"href":"https:\/\/www.obispadorqta.org.ar\/v3\/wp-json\/wp\/v2\/categories?post=6831"},{"taxonomy":"post_tag","embeddable":true,"href":"https:\/\/www.obispadorqta.org.ar\/v3\/wp-json\/wp\/v2\/tags?post=6831"}],"curies":[{"name":"wp","href":"https:\/\/api.w.org\/{rel}","templated":true}]}}