{"id":6859,"date":"2021-09-02T10:31:04","date_gmt":"2021-09-02T13:31:04","guid":{"rendered":"http:\/\/www.obispadorqta.org.ar\/v3\/?p=6859"},"modified":"2021-09-02T11:15:58","modified_gmt":"2021-09-02T14:15:58","slug":"salud-del-p-nestor-vera-3","status":"publish","type":"post","link":"https:\/\/www.obispadorqta.org.ar\/v3\/salud-del-p-nestor-vera-3\/","title":{"rendered":"Salud del P. N\u00e9stor Vera"},"content":{"rendered":"<p style=\"text-align: justify;\"><span style=\"color: #000000;\">Querida comunidad diocesana:<\/span><\/p>\n<p style=\"text-align: justify;\"><span style=\"color: #000000;\">Les informamos que el Padre N\u00e9stor Vera, sigue internado en un centro de salud de la ciudad de Santa Fe. Despu\u00e9s de la realizaci\u00f3n de distintos estudios se ha descubierto una insuficiencia renal lo que conllev\u00f3 a la realizaci\u00f3n de di\u00e1lisis y a un nuevo tratamiento de quimioterapia que, conforme a la evoluci\u00f3n de su salud ser\u00edan temporarios.<\/span><\/p>\n<p style=\"text-align: justify;\"><span style=\"color: #000000;\">El Padre N\u00e9stor sigue con buen estado an\u00edmico y lleva esta etapa con la fe puesta en el Se\u00f1or.<\/span><\/p>\n<p style=\"text-align: justify;\"><span style=\"color: #000000;\">Agradecemos a todos los que preguntan, se preocupan, colaboran y rezan por el en este tiempo de recuperaci\u00f3n. <\/span><\/p>\n<p><span style=\"color: #000000;\">Mons. Silvio Fabbro<\/span><br \/>\n<span style=\"color: #000000;\">Vicario General<\/span><\/p>\n","protected":false},"excerpt":{"rendered":"<div class=\"mh-excerpt\"><p>Querida comunidad diocesana: Les informamos que el Padre N\u00e9stor Vera, sigue internado en un centro de salud de la ciudad de Santa Fe. Despu\u00e9s de <a class=\"mh-excerpt-more\" href=\"https:\/\/www.obispadorqta.org.ar\/v3\/salud-del-p-nestor-vera-3\/\" title=\"Salud del P. N\u00e9stor Vera\">[&#8230;]<\/a><\/p>\n<\/div>","protected":false},"author":3,"featured_media":6864,"comment_status":"closed","ping_status":"open","sticky":false,"template":"","format":"standard","meta":{"footnotes":""},"categories":[6,28],"tags":[],"class_list":["post-6859","post","type-post","status-publish","format-standard","has-post-thumbnail","hentry","category-news","category-latest-news"],"_links":{"self":[{"href":"https:\/\/www.obispadorqta.org.ar\/v3\/wp-json\/wp\/v2\/posts\/6859","targetHints":{"allow":["GET"]}}],"collection":[{"href":"https:\/\/www.obispadorqta.org.ar\/v3\/wp-json\/wp\/v2\/posts"}],"about":[{"href":"https:\/\/www.obispadorqta.org.ar\/v3\/wp-json\/wp\/v2\/types\/post"}],"author":[{"embeddable":true,"href":"https:\/\/www.obispadorqta.org.ar\/v3\/wp-json\/wp\/v2\/users\/3"}],"replies":[{"embeddable":true,"href":"https:\/\/www.obispadorqta.org.ar\/v3\/wp-json\/wp\/v2\/comments?post=6859"}],"version-history":[{"count":3,"href":"https:\/\/www.obispadorqta.org.ar\/v3\/wp-json\/wp\/v2\/posts\/6859\/revisions"}],"predecessor-version":[{"id":6866,"href":"https:\/\/www.obispadorqta.org.ar\/v3\/wp-json\/wp\/v2\/posts\/6859\/revisions\/6866"}],"wp:featuredmedia":[{"embeddable":true,"href":"https:\/\/www.obispadorqta.org.ar\/v3\/wp-json\/wp\/v2\/media\/6864"}],"wp:attachment":[{"href":"https:\/\/www.obispadorqta.org.ar\/v3\/wp-json\/wp\/v2\/media?parent=6859"}],"wp:term":[{"taxonomy":"category","embeddable":true,"href":"https:\/\/www.obispadorqta.org.ar\/v3\/wp-json\/wp\/v2\/categories?post=6859"},{"taxonomy":"post_tag","embeddable":true,"href":"https:\/\/www.obispadorqta.org.ar\/v3\/wp-json\/wp\/v2\/tags?post=6859"}],"curies":[{"name":"wp","href":"https:\/\/api.w.org\/{rel}","templated":true}]}}