{"id":6868,"date":"2021-09-06T08:05:19","date_gmt":"2021-09-06T11:05:19","guid":{"rendered":"http:\/\/www.obispadorqta.org.ar\/v3\/?p=6868"},"modified":"2021-09-06T08:05:30","modified_gmt":"2021-09-06T11:05:30","slug":"mes-de-la-biblia-2","status":"publish","type":"post","link":"https:\/\/www.obispadorqta.org.ar\/v3\/mes-de-la-biblia-2\/","title":{"rendered":"MES DE LA BIBLIA"},"content":{"rendered":"<p style=\"text-align: justify;\">Recordamos que para la Iglesia, el mes de setiembre es el mes dedicado a la Biblia. Esto es diferente a una actividad m\u00e1s. Es un tiempo dedicado a conocer mejor, a escuchar la Palabra de Dios, a dejar que esa Palabra renueve nuestra vida y nuestras estructuras eclesiales.<\/p>\n<p style=\"text-align: justify;\">Seg\u00fan el Documento de Aparecida, la \u00abanimaci\u00f3n b\u00edblica de la pastoral deber\u00eda ser una de nuestras prioridades\u00bb, acentuando la escucha y la pr\u00e1ctica de la Palabra (cf. Ap 248).<\/p>\n<p style=\"text-align: justify;\">Este a\u00f1o, en la Argentina el lema que se propone para este tiempo es \u00aby vi\u00f3 Dios que era muy bueno\u00bb (cf. Gn 1,31), poniendo el acento en la fuerza de la Palabra de Dios para el cuidado de la casa com\u00fan, seg\u00fan el esp\u00edritu de la Enc\u00edclica Laudato Si&#8217;.<\/p>\n<p style=\"text-align: justify;\">Por eso, y en el contexto actual complejo por la pandemia, alentamos a las comunidades, asociaciones y movimientos a renovar la adhesi\u00f3n y el compromiso de escuchar y vivir la Palabra, que ayude a sanar y cuidar la obra de Dios.<\/p>\n","protected":false},"excerpt":{"rendered":"<div class=\"mh-excerpt\"><p>Recordamos que para la Iglesia, el mes de setiembre es el mes dedicado a la Biblia. Esto es diferente a una actividad m\u00e1s. Es un <a class=\"mh-excerpt-more\" href=\"https:\/\/www.obispadorqta.org.ar\/v3\/mes-de-la-biblia-2\/\" title=\"MES DE LA BIBLIA\">[&#8230;]<\/a><\/p>\n<\/div>","protected":false},"author":2,"featured_media":6869,"comment_status":"closed","ping_status":"open","sticky":false,"template":"","format":"standard","meta":{"footnotes":""},"categories":[6,28],"tags":[],"class_list":["post-6868","post","type-post","status-publish","format-standard","has-post-thumbnail","hentry","category-news","category-latest-news"],"_links":{"self":[{"href":"https:\/\/www.obispadorqta.org.ar\/v3\/wp-json\/wp\/v2\/posts\/6868","targetHints":{"allow":["GET"]}}],"collection":[{"href":"https:\/\/www.obispadorqta.org.ar\/v3\/wp-json\/wp\/v2\/posts"}],"about":[{"href":"https:\/\/www.obispadorqta.org.ar\/v3\/wp-json\/wp\/v2\/types\/post"}],"author":[{"embeddable":true,"href":"https:\/\/www.obispadorqta.org.ar\/v3\/wp-json\/wp\/v2\/users\/2"}],"replies":[{"embeddable":true,"href":"https:\/\/www.obispadorqta.org.ar\/v3\/wp-json\/wp\/v2\/comments?post=6868"}],"version-history":[{"count":1,"href":"https:\/\/www.obispadorqta.org.ar\/v3\/wp-json\/wp\/v2\/posts\/6868\/revisions"}],"predecessor-version":[{"id":6871,"href":"https:\/\/www.obispadorqta.org.ar\/v3\/wp-json\/wp\/v2\/posts\/6868\/revisions\/6871"}],"wp:featuredmedia":[{"embeddable":true,"href":"https:\/\/www.obispadorqta.org.ar\/v3\/wp-json\/wp\/v2\/media\/6869"}],"wp:attachment":[{"href":"https:\/\/www.obispadorqta.org.ar\/v3\/wp-json\/wp\/v2\/media?parent=6868"}],"wp:term":[{"taxonomy":"category","embeddable":true,"href":"https:\/\/www.obispadorqta.org.ar\/v3\/wp-json\/wp\/v2\/categories?post=6868"},{"taxonomy":"post_tag","embeddable":true,"href":"https:\/\/www.obispadorqta.org.ar\/v3\/wp-json\/wp\/v2\/tags?post=6868"}],"curies":[{"name":"wp","href":"https:\/\/api.w.org\/{rel}","templated":true}]}}