{"id":6872,"date":"2021-09-06T08:09:47","date_gmt":"2021-09-06T11:09:47","guid":{"rendered":"http:\/\/www.obispadorqta.org.ar\/v3\/?p=6872"},"modified":"2021-09-06T08:10:08","modified_gmt":"2021-09-06T11:10:08","slug":"encuentro-anual-de-formacion-permanente-de-los-sacerdotes","status":"publish","type":"post","link":"https:\/\/www.obispadorqta.org.ar\/v3\/encuentro-anual-de-formacion-permanente-de-los-sacerdotes\/","title":{"rendered":"Encuentro Anual de Formaci\u00f3n Permanente de los sacerdotes"},"content":{"rendered":"<p style=\"text-align: justify;\">Desde el lunes 6 al jueves 9 de setiembre, al mediod\u00eda, se realizar\u00e1 la Semana de Formaci\u00f3n Permanente de los Sacerdotes de la Di\u00f3cesis.<\/p>\n<p style=\"text-align: justify;\">La agenda incluye varios temas: compartir la vida sacerdotal en este tiempo de pandemia, la identidad y la misi\u00f3n del sacerdote en el contexto actual, a cargo del P. Juan Pablo Dreidemie, de la Arquidi\u00f3cesis de Mendoza, renovaci\u00f3n del Consejo de Presbiterio y de los Delegados para la formaci\u00f3n del pr\u00f3ximo Consejo de Pastoral Diocesano. Tambi\u00e9n se dedicar\u00e1n un tiempo a revisar la marcha pastoral de la di\u00f3cesis.<\/p>\n<p style=\"text-align: justify;\">Acompa\u00f1emos a nuestros sacerdotes con nuestra oraci\u00f3n, para que Dios renueve el carisma que han recibido por el sacramento del orden, seg\u00fan nos dice la Palabra de Dios:\u00a0\u00ab<strong><em>Por<\/em><\/strong><em>\u00a0lo cual te recuerdo que avives el fuego del don de Dios que hay\u00a0<\/em><strong><em>en<\/em><\/strong><em>\u00a0ti\u00a0<\/em><strong><em>por la imposici\u00f3n<\/em><\/strong><em>\u00a0de mis\u00a0<\/em><strong><em>manos<\/em><\/strong><strong>\u00bb (2 Tim 1,6).<\/strong><\/p>\n","protected":false},"excerpt":{"rendered":"<div class=\"mh-excerpt\"><p>Desde el lunes 6 al jueves 9 de setiembre, al mediod\u00eda, se realizar\u00e1 la Semana de Formaci\u00f3n Permanente de los Sacerdotes de la Di\u00f3cesis. La <a class=\"mh-excerpt-more\" href=\"https:\/\/www.obispadorqta.org.ar\/v3\/encuentro-anual-de-formacion-permanente-de-los-sacerdotes\/\" title=\"Encuentro Anual de Formaci\u00f3n Permanente de los sacerdotes\">[&#8230;]<\/a><\/p>\n<\/div>","protected":false},"author":2,"featured_media":6873,"comment_status":"closed","ping_status":"open","sticky":false,"template":"","format":"standard","meta":{"footnotes":""},"categories":[6,28],"tags":[],"class_list":["post-6872","post","type-post","status-publish","format-standard","has-post-thumbnail","hentry","category-news","category-latest-news"],"_links":{"self":[{"href":"https:\/\/www.obispadorqta.org.ar\/v3\/wp-json\/wp\/v2\/posts\/6872","targetHints":{"allow":["GET"]}}],"collection":[{"href":"https:\/\/www.obispadorqta.org.ar\/v3\/wp-json\/wp\/v2\/posts"}],"about":[{"href":"https:\/\/www.obispadorqta.org.ar\/v3\/wp-json\/wp\/v2\/types\/post"}],"author":[{"embeddable":true,"href":"https:\/\/www.obispadorqta.org.ar\/v3\/wp-json\/wp\/v2\/users\/2"}],"replies":[{"embeddable":true,"href":"https:\/\/www.obispadorqta.org.ar\/v3\/wp-json\/wp\/v2\/comments?post=6872"}],"version-history":[{"count":3,"href":"https:\/\/www.obispadorqta.org.ar\/v3\/wp-json\/wp\/v2\/posts\/6872\/revisions"}],"predecessor-version":[{"id":6876,"href":"https:\/\/www.obispadorqta.org.ar\/v3\/wp-json\/wp\/v2\/posts\/6872\/revisions\/6876"}],"wp:featuredmedia":[{"embeddable":true,"href":"https:\/\/www.obispadorqta.org.ar\/v3\/wp-json\/wp\/v2\/media\/6873"}],"wp:attachment":[{"href":"https:\/\/www.obispadorqta.org.ar\/v3\/wp-json\/wp\/v2\/media?parent=6872"}],"wp:term":[{"taxonomy":"category","embeddable":true,"href":"https:\/\/www.obispadorqta.org.ar\/v3\/wp-json\/wp\/v2\/categories?post=6872"},{"taxonomy":"post_tag","embeddable":true,"href":"https:\/\/www.obispadorqta.org.ar\/v3\/wp-json\/wp\/v2\/tags?post=6872"}],"curies":[{"name":"wp","href":"https:\/\/api.w.org\/{rel}","templated":true}]}}