{"id":6877,"date":"2021-09-07T08:23:40","date_gmt":"2021-09-07T11:23:40","guid":{"rendered":"http:\/\/www.obispadorqta.org.ar\/v3\/?p=6877"},"modified":"2021-09-07T08:24:07","modified_gmt":"2021-09-07T11:24:07","slug":"dia-de-la-vida-consagrada-3","status":"publish","type":"post","link":"https:\/\/www.obispadorqta.org.ar\/v3\/dia-de-la-vida-consagrada-3\/","title":{"rendered":"DIA DE LA VIDA CONSAGRADA"},"content":{"rendered":"<p style=\"text-align: justify;\">El 8 de setiembre, festividad de la natividad de la Virgen Mar\u00eda, se celebra el d\u00eda de la vida consagrada, en sus diferentes expresiones (vida religiosa contemplativa, vida religiosa activa, virginidad consagrada, consagraci\u00f3n laical).<\/p>\n<p style=\"text-align: justify;\">Agradecemos la presencia de los consagrados y consagradas de nuestra Iglesia Particular, por su testimonio del amor virginal de Dios y el profetismo acerca de la llegada del Reino, seg\u00fan dice la canci\u00f3n \u00abFelices los que anuncian con su vida, la venida del Reino del Se\u00f1or\u00bb.<\/p>\n<p style=\"text-align: justify;\">En nuestra di\u00f3cesis, y bajo la mirada de San Jos\u00e9, nuestro patrono, se reunir\u00e1 la vida consagrada el lunes 13 a las 09.30 hs. en Casa de Retiros \u00abNtra. Sra. de Itat\u00ed\u00bb de Avellaneda, para celebrar la Eucarist\u00eda junto a nuestro Obispo, Mons. \u00c1ngel Jos\u00e9 Mac\u00edn, y compartir su experiencia de vida entregada.<\/p>\n","protected":false},"excerpt":{"rendered":"<div class=\"mh-excerpt\"><p>El 8 de setiembre, festividad de la natividad de la Virgen Mar\u00eda, se celebra el d\u00eda de la vida consagrada, en sus diferentes expresiones (vida <a class=\"mh-excerpt-more\" href=\"https:\/\/www.obispadorqta.org.ar\/v3\/dia-de-la-vida-consagrada-3\/\" title=\"DIA DE LA VIDA CONSAGRADA\">[&#8230;]<\/a><\/p>\n<\/div>","protected":false},"author":3,"featured_media":6878,"comment_status":"closed","ping_status":"open","sticky":false,"template":"","format":"standard","meta":{"footnotes":""},"categories":[6,28],"tags":[],"class_list":["post-6877","post","type-post","status-publish","format-standard","has-post-thumbnail","hentry","category-news","category-latest-news"],"_links":{"self":[{"href":"https:\/\/www.obispadorqta.org.ar\/v3\/wp-json\/wp\/v2\/posts\/6877","targetHints":{"allow":["GET"]}}],"collection":[{"href":"https:\/\/www.obispadorqta.org.ar\/v3\/wp-json\/wp\/v2\/posts"}],"about":[{"href":"https:\/\/www.obispadorqta.org.ar\/v3\/wp-json\/wp\/v2\/types\/post"}],"author":[{"embeddable":true,"href":"https:\/\/www.obispadorqta.org.ar\/v3\/wp-json\/wp\/v2\/users\/3"}],"replies":[{"embeddable":true,"href":"https:\/\/www.obispadorqta.org.ar\/v3\/wp-json\/wp\/v2\/comments?post=6877"}],"version-history":[{"count":1,"href":"https:\/\/www.obispadorqta.org.ar\/v3\/wp-json\/wp\/v2\/posts\/6877\/revisions"}],"predecessor-version":[{"id":6879,"href":"https:\/\/www.obispadorqta.org.ar\/v3\/wp-json\/wp\/v2\/posts\/6877\/revisions\/6879"}],"wp:featuredmedia":[{"embeddable":true,"href":"https:\/\/www.obispadorqta.org.ar\/v3\/wp-json\/wp\/v2\/media\/6878"}],"wp:attachment":[{"href":"https:\/\/www.obispadorqta.org.ar\/v3\/wp-json\/wp\/v2\/media?parent=6877"}],"wp:term":[{"taxonomy":"category","embeddable":true,"href":"https:\/\/www.obispadorqta.org.ar\/v3\/wp-json\/wp\/v2\/categories?post=6877"},{"taxonomy":"post_tag","embeddable":true,"href":"https:\/\/www.obispadorqta.org.ar\/v3\/wp-json\/wp\/v2\/tags?post=6877"}],"curies":[{"name":"wp","href":"https:\/\/api.w.org\/{rel}","templated":true}]}}