{"id":6880,"date":"2021-09-08T08:36:46","date_gmt":"2021-09-08T11:36:46","guid":{"rendered":"http:\/\/www.obispadorqta.org.ar\/v3\/?p=6880"},"modified":"2021-09-08T08:37:21","modified_gmt":"2021-09-08T11:37:21","slug":"salud-de-algunos-sacerdotes","status":"publish","type":"post","link":"https:\/\/www.obispadorqta.org.ar\/v3\/salud-de-algunos-sacerdotes\/","title":{"rendered":"SALUD DE ALGUNOS SACERDOTES"},"content":{"rendered":"<p style=\"text-align: justify;\"><span style=\"color: #000000;\">La salud de algunos sacerdotes enfermos durante este tiempo fue evolucionando favorablemente.<\/span><\/p>\n<p style=\"text-align: justify;\"><span style=\"color: #000000;\">El P N\u00e9stor Vera sigue internado en un centro de salud de Santa Fe con tratamiento de di\u00e1lisis hasta que se limpien sus ri\u00f1ones (seg\u00fan el onc\u00f3logo no necesitar\u00eda di\u00e1lisis permanente), Continuar\u00e1 con un nuevo tratamiento de quimioterapia. Adem\u00e1s, se le realiz\u00f3 una biopsia y otros estudios, de los que se esperan los resultados. El se encuentra de buen \u00e1nimo afrontando esta instancia.<\/span><\/p>\n<p style=\"text-align: justify;\"><span style=\"color: #000000;\">El P Efr\u00e9n Agretti sigue su convalecencia en la casa parroquial de Avellaneda. No se han detectado afecciones serias, por lo tanto se espera una evoluci\u00f3n positiva de su salud para las pr\u00f3ximas semanas.<\/span><\/p>\n<p style=\"text-align: justify;\"><span style=\"color: #000000;\">Por su parte, el P Germ\u00e1n Vallejos ha sido intervenido quir\u00fargicamente el \u00faltimo s\u00e1bado en la zona renal. Ya fue dado de alta y se est\u00e1 recuperando satisfactoriamente en la casa parroquial de la Parroquia San Roque. Pr\u00f3ximamente se sabr\u00e1 si tiene que continuar con alguna pr\u00e1ctica terap\u00e9utica ulterior.<\/span><\/p>\n<p style=\"text-align: justify;\"><span style=\"color: #000000;\">Seguimos rezando por su pronta recuperaci\u00f3n y su fortaleza en la enfermedad.<\/span><\/p>\n","protected":false},"excerpt":{"rendered":"<div class=\"mh-excerpt\"><p>La salud de algunos sacerdotes enfermos durante este tiempo fue evolucionando favorablemente. El P N\u00e9stor Vera sigue internado en un centro de salud de Santa <a class=\"mh-excerpt-more\" href=\"https:\/\/www.obispadorqta.org.ar\/v3\/salud-de-algunos-sacerdotes\/\" title=\"SALUD DE ALGUNOS SACERDOTES\">[&#8230;]<\/a><\/p>\n<\/div>","protected":false},"author":3,"featured_media":6788,"comment_status":"closed","ping_status":"open","sticky":false,"template":"","format":"standard","meta":{"footnotes":""},"categories":[6,28],"tags":[],"class_list":["post-6880","post","type-post","status-publish","format-standard","has-post-thumbnail","hentry","category-news","category-latest-news"],"_links":{"self":[{"href":"https:\/\/www.obispadorqta.org.ar\/v3\/wp-json\/wp\/v2\/posts\/6880","targetHints":{"allow":["GET"]}}],"collection":[{"href":"https:\/\/www.obispadorqta.org.ar\/v3\/wp-json\/wp\/v2\/posts"}],"about":[{"href":"https:\/\/www.obispadorqta.org.ar\/v3\/wp-json\/wp\/v2\/types\/post"}],"author":[{"embeddable":true,"href":"https:\/\/www.obispadorqta.org.ar\/v3\/wp-json\/wp\/v2\/users\/3"}],"replies":[{"embeddable":true,"href":"https:\/\/www.obispadorqta.org.ar\/v3\/wp-json\/wp\/v2\/comments?post=6880"}],"version-history":[{"count":1,"href":"https:\/\/www.obispadorqta.org.ar\/v3\/wp-json\/wp\/v2\/posts\/6880\/revisions"}],"predecessor-version":[{"id":6881,"href":"https:\/\/www.obispadorqta.org.ar\/v3\/wp-json\/wp\/v2\/posts\/6880\/revisions\/6881"}],"wp:featuredmedia":[{"embeddable":true,"href":"https:\/\/www.obispadorqta.org.ar\/v3\/wp-json\/wp\/v2\/media\/6788"}],"wp:attachment":[{"href":"https:\/\/www.obispadorqta.org.ar\/v3\/wp-json\/wp\/v2\/media?parent=6880"}],"wp:term":[{"taxonomy":"category","embeddable":true,"href":"https:\/\/www.obispadorqta.org.ar\/v3\/wp-json\/wp\/v2\/categories?post=6880"},{"taxonomy":"post_tag","embeddable":true,"href":"https:\/\/www.obispadorqta.org.ar\/v3\/wp-json\/wp\/v2\/tags?post=6880"}],"curies":[{"name":"wp","href":"https:\/\/api.w.org\/{rel}","templated":true}]}}