{"id":6883,"date":"2021-09-11T23:12:49","date_gmt":"2021-09-12T02:12:49","guid":{"rendered":"http:\/\/www.obispadorqta.org.ar\/v3\/?p=6883"},"modified":"2021-09-11T23:12:57","modified_gmt":"2021-09-12T02:12:57","slug":"pascua-del-p-nestor-vera","status":"publish","type":"post","link":"https:\/\/www.obispadorqta.org.ar\/v3\/pascua-del-p-nestor-vera\/","title":{"rendered":"PASCUA DEL P. N\u00c9STOR VERA"},"content":{"rendered":"<p style=\"text-align: justify;\"><span data-contrast=\"auto\">Con profundo pesar, el Obispado de Reconquista y la Asociaci\u00f3n Civil \u201cEl Buen Samaritano\u201d,\u00a0comunican la partida\u00a0a la casa\u00a0del\u00a0Se\u00f1or del\u00a0P. N\u00e9stor Rene Vera. Su deceso se produjo en las primeras horas de la noche, producto de una falla compleja de su sistema\u00a0cardio-respiratorio.<\/span><span data-ccp-props=\"{&quot;201341983&quot;:0,&quot;335551550&quot;:6,&quot;335551620&quot;:6,&quot;335559739&quot;:200,&quot;335559740&quot;:276}\">\u00a0<\/span><\/p>\n<p style=\"text-align: justify;\"><span data-contrast=\"auto\">Despu\u00e9s de cursar una dif\u00edcil enfermedad, estas \u00faltimas semanas fue internado en una cl\u00ednica de la ciudad de Santa Fe, para que le realizaran di\u00e1lisis, mientras continuaban con la quimioterapia. Su evoluci\u00f3n era favorable, hasta hace unas horas, cuando se produjo su descompensaci\u00f3n.\u00a0<\/span><span data-ccp-props=\"{&quot;201341983&quot;:0,&quot;335551550&quot;:6,&quot;335551620&quot;:6,&quot;335559739&quot;:200,&quot;335559740&quot;:276}\">\u00a0<\/span><\/p>\n<p style=\"text-align: justify;\"><span data-contrast=\"auto\">Ni bien tengamos\u00a0m\u00e1s informaciones\u00a0sobre la \u00faltima despedida,\u00a0ser\u00e1n\u00a0comunicadas\u00a0inmediatamente\u00a0a la comunidad.<\/span><span data-ccp-props=\"{&quot;201341983&quot;:0,&quot;335551550&quot;:6,&quot;335551620&quot;:6,&quot;335559739&quot;:200,&quot;335559740&quot;:276}\">\u00a0<\/span><\/p>\n<p style=\"text-align: justify;\"><span data-contrast=\"auto\">Por \u00faltimo, sabemos que el P. N\u00e9stor ya contempla el rostro del\u00a0Resucitado,\u00a0que tanto predic\u00f3 con su palabra y su testimonio. Nos duele su partida, pero confiamos en\u00a0el Dios de la Vida,\u00a0y queremos seguir sus pasos de una vida entregada\u00a0al Se\u00f1or y a los m\u00e1s vulnerables.<\/span><span data-ccp-props=\"{&quot;201341983&quot;:0,&quot;335551550&quot;:6,&quot;335551620&quot;:6,&quot;335559739&quot;:200,&quot;335559740&quot;:276}\">\u00a0<\/span><\/p>\n<p><span data-ccp-props=\"{&quot;201341983&quot;:0,&quot;335559739&quot;:200,&quot;335559740&quot;:276}\">\u00a0<\/span><\/p>\n<p style=\"text-align: right;\"><span data-contrast=\"auto\">Obispado de Reconquista<\/span> <span data-ccp-props=\"{&quot;201341983&quot;:0,&quot;335559739&quot;:200,&quot;335559740&quot;:276}\">\u00a0<\/span><\/p>\n<p style=\"text-align: right;\"><span data-contrast=\"auto\">Asociaci\u00f3n Civil \u201cEl Buen Samaritano\u201d<\/span><span data-ccp-props=\"{&quot;201341983&quot;:0,&quot;335559739&quot;:200,&quot;335559740&quot;:276}\">\u00a0<\/span><\/p>\n","protected":false},"excerpt":{"rendered":"<div class=\"mh-excerpt\"><p>Con profundo pesar, el Obispado de Reconquista y la Asociaci\u00f3n Civil \u201cEl Buen Samaritano\u201d,\u00a0comunican la partida\u00a0a la casa\u00a0del\u00a0Se\u00f1or del\u00a0P. N\u00e9stor Rene Vera. Su deceso se <a class=\"mh-excerpt-more\" href=\"https:\/\/www.obispadorqta.org.ar\/v3\/pascua-del-p-nestor-vera\/\" title=\"PASCUA DEL P. N\u00c9STOR VERA\">[&#8230;]<\/a><\/p>\n<\/div>","protected":false},"author":2,"featured_media":6884,"comment_status":"closed","ping_status":"open","sticky":false,"template":"","format":"standard","meta":{"footnotes":""},"categories":[6,28],"tags":[],"class_list":["post-6883","post","type-post","status-publish","format-standard","has-post-thumbnail","hentry","category-news","category-latest-news"],"_links":{"self":[{"href":"https:\/\/www.obispadorqta.org.ar\/v3\/wp-json\/wp\/v2\/posts\/6883","targetHints":{"allow":["GET"]}}],"collection":[{"href":"https:\/\/www.obispadorqta.org.ar\/v3\/wp-json\/wp\/v2\/posts"}],"about":[{"href":"https:\/\/www.obispadorqta.org.ar\/v3\/wp-json\/wp\/v2\/types\/post"}],"author":[{"embeddable":true,"href":"https:\/\/www.obispadorqta.org.ar\/v3\/wp-json\/wp\/v2\/users\/2"}],"replies":[{"embeddable":true,"href":"https:\/\/www.obispadorqta.org.ar\/v3\/wp-json\/wp\/v2\/comments?post=6883"}],"version-history":[{"count":1,"href":"https:\/\/www.obispadorqta.org.ar\/v3\/wp-json\/wp\/v2\/posts\/6883\/revisions"}],"predecessor-version":[{"id":6885,"href":"https:\/\/www.obispadorqta.org.ar\/v3\/wp-json\/wp\/v2\/posts\/6883\/revisions\/6885"}],"wp:featuredmedia":[{"embeddable":true,"href":"https:\/\/www.obispadorqta.org.ar\/v3\/wp-json\/wp\/v2\/media\/6884"}],"wp:attachment":[{"href":"https:\/\/www.obispadorqta.org.ar\/v3\/wp-json\/wp\/v2\/media?parent=6883"}],"wp:term":[{"taxonomy":"category","embeddable":true,"href":"https:\/\/www.obispadorqta.org.ar\/v3\/wp-json\/wp\/v2\/categories?post=6883"},{"taxonomy":"post_tag","embeddable":true,"href":"https:\/\/www.obispadorqta.org.ar\/v3\/wp-json\/wp\/v2\/tags?post=6883"}],"curies":[{"name":"wp","href":"https:\/\/api.w.org\/{rel}","templated":true}]}}