{"id":6886,"date":"2021-09-12T10:43:07","date_gmt":"2021-09-12T13:43:07","guid":{"rendered":"http:\/\/www.obispadorqta.org.ar\/v3\/?p=6886"},"modified":"2021-09-12T10:43:18","modified_gmt":"2021-09-12T13:43:18","slug":"despedida-del-padre-nestor-vera","status":"publish","type":"post","link":"https:\/\/www.obispadorqta.org.ar\/v3\/despedida-del-padre-nestor-vera\/","title":{"rendered":"DESPEDIDA DEL PADRE N\u00c9STOR VERA"},"content":{"rendered":"<p style=\"text-align: justify;\">El Obispado de Reconquista y la Asociaci\u00f3n Civil \u201cEl Buen Samaritano\u201d comunican algunos datos de la despedida del P. N\u00e9stor Ren\u00e9 Vera.<\/p>\n<p style=\"text-align: justify;\">A partir de las 14 hs., sus restos ser\u00e1n colocados en el Templo Parroquial de Malabrigo, lugar donde las personas que lo desean podr\u00e1n acercarse para su despedida, siempre respetando los protocolos sanitarios vigentes.<\/p>\n<p style=\"text-align: justify;\">A las 21 hs., concluida la veda electoral, el Obispo Diocesano, Mons. \u00c1ngel Jos\u00e9 Mac\u00edn, presidir\u00e1 la Misa de cuerpo presente, para agradecer por su vida y ministerio y pedir por su eterno descanso.<\/p>\n<p style=\"text-align: justify;\">Luego, el Templo Parroquial permanecer\u00e1 abierto hasta las 24 hs. En horas de la ma\u00f1ana del lunes 13, ser\u00e1 trasladado al Cementerio de Avellaneda, donde recibir\u00e1 sepultura junto a sus familiares difuntos.<\/p>\n<p style=\"text-align: justify;\">Agradecemos la vida entregada del P. N\u00e9stor Vera, a todos los que por estas horas manifiestan de diversas maneras su pesar, y confiamos su alma al Se\u00f1or, a la espera del reencuentro definitivo en la Casa del Padre.<\/p>\n","protected":false},"excerpt":{"rendered":"<div class=\"mh-excerpt\"><p>El Obispado de Reconquista y la Asociaci\u00f3n Civil \u201cEl Buen Samaritano\u201d comunican algunos datos de la despedida del P. N\u00e9stor Ren\u00e9 Vera. A partir de <a class=\"mh-excerpt-more\" href=\"https:\/\/www.obispadorqta.org.ar\/v3\/despedida-del-padre-nestor-vera\/\" title=\"DESPEDIDA DEL PADRE N\u00c9STOR VERA\">[&#8230;]<\/a><\/p>\n<\/div>","protected":false},"author":2,"featured_media":6889,"comment_status":"closed","ping_status":"open","sticky":false,"template":"","format":"standard","meta":{"footnotes":""},"categories":[6,28],"tags":[],"class_list":["post-6886","post","type-post","status-publish","format-standard","has-post-thumbnail","hentry","category-news","category-latest-news"],"_links":{"self":[{"href":"https:\/\/www.obispadorqta.org.ar\/v3\/wp-json\/wp\/v2\/posts\/6886","targetHints":{"allow":["GET"]}}],"collection":[{"href":"https:\/\/www.obispadorqta.org.ar\/v3\/wp-json\/wp\/v2\/posts"}],"about":[{"href":"https:\/\/www.obispadorqta.org.ar\/v3\/wp-json\/wp\/v2\/types\/post"}],"author":[{"embeddable":true,"href":"https:\/\/www.obispadorqta.org.ar\/v3\/wp-json\/wp\/v2\/users\/2"}],"replies":[{"embeddable":true,"href":"https:\/\/www.obispadorqta.org.ar\/v3\/wp-json\/wp\/v2\/comments?post=6886"}],"version-history":[{"count":2,"href":"https:\/\/www.obispadorqta.org.ar\/v3\/wp-json\/wp\/v2\/posts\/6886\/revisions"}],"predecessor-version":[{"id":6890,"href":"https:\/\/www.obispadorqta.org.ar\/v3\/wp-json\/wp\/v2\/posts\/6886\/revisions\/6890"}],"wp:featuredmedia":[{"embeddable":true,"href":"https:\/\/www.obispadorqta.org.ar\/v3\/wp-json\/wp\/v2\/media\/6889"}],"wp:attachment":[{"href":"https:\/\/www.obispadorqta.org.ar\/v3\/wp-json\/wp\/v2\/media?parent=6886"}],"wp:term":[{"taxonomy":"category","embeddable":true,"href":"https:\/\/www.obispadorqta.org.ar\/v3\/wp-json\/wp\/v2\/categories?post=6886"},{"taxonomy":"post_tag","embeddable":true,"href":"https:\/\/www.obispadorqta.org.ar\/v3\/wp-json\/wp\/v2\/tags?post=6886"}],"curies":[{"name":"wp","href":"https:\/\/api.w.org\/{rel}","templated":true}]}}