{"id":6899,"date":"2021-09-14T08:42:11","date_gmt":"2021-09-14T11:42:11","guid":{"rendered":"http:\/\/www.obispadorqta.org.ar\/v3\/?p=6899"},"modified":"2021-09-14T08:45:40","modified_gmt":"2021-09-14T11:45:40","slug":"peregrinacion-juvenil-a-itati-3","status":"publish","type":"post","link":"https:\/\/www.obispadorqta.org.ar\/v3\/peregrinacion-juvenil-a-itati-3\/","title":{"rendered":"PEREGRINACI\u00d3N JUVENIL A ITAT\u00cd"},"content":{"rendered":"<p style=\"text-align: justify;\">Recordamos que el pr\u00f3ximo fin de semana, 18 y 19 de setiembre, se llevar\u00e1 a cabo la 42\u00aa Peregrinaci\u00f3n Juvenil a Itat\u00ed, bajo el lema <em><strong>\u00abJunto a Jes\u00fas, Jos\u00e9 y Mar\u00eda, caminamos con esperanza y valent\u00eda\u00bb.<\/strong><\/em><\/p>\n<p style=\"text-align: justify;\">Recordamos que la experiencia este a\u00f1o ser\u00e1 bi-modal. Las peregrinaciones se har\u00e1n en las di\u00f3cesis o parroquias que puedan organizarlas, de acuerdo a las medidas vigentes.<\/p>\n<p style=\"text-align: justify;\">El s\u00e1bado 18, por la noche se har\u00e1 una vigilia, y el domingo 19, a las 09 hs., la celebraci\u00f3n de la Santa Misa, presidida por el Arzobispo de Corrientes, Mons. Andr\u00e9s Stanovnik y concelebrada por algunos obispos de la regi\u00f3n, ser\u00e1 transmitida por v\u00eda digital.<\/p>\n","protected":false},"excerpt":{"rendered":"<div class=\"mh-excerpt\"><p>Recordamos que el pr\u00f3ximo fin de semana, 18 y 19 de setiembre, se llevar\u00e1 a cabo la 42\u00aa Peregrinaci\u00f3n Juvenil a Itat\u00ed, bajo el lema <a class=\"mh-excerpt-more\" href=\"https:\/\/www.obispadorqta.org.ar\/v3\/peregrinacion-juvenil-a-itati-3\/\" title=\"PEREGRINACI\u00d3N JUVENIL A ITAT\u00cd\">[&#8230;]<\/a><\/p>\n<\/div>","protected":false},"author":3,"featured_media":6902,"comment_status":"closed","ping_status":"open","sticky":false,"template":"","format":"standard","meta":{"footnotes":""},"categories":[6,28],"tags":[],"class_list":["post-6899","post","type-post","status-publish","format-standard","has-post-thumbnail","hentry","category-news","category-latest-news"],"_links":{"self":[{"href":"https:\/\/www.obispadorqta.org.ar\/v3\/wp-json\/wp\/v2\/posts\/6899","targetHints":{"allow":["GET"]}}],"collection":[{"href":"https:\/\/www.obispadorqta.org.ar\/v3\/wp-json\/wp\/v2\/posts"}],"about":[{"href":"https:\/\/www.obispadorqta.org.ar\/v3\/wp-json\/wp\/v2\/types\/post"}],"author":[{"embeddable":true,"href":"https:\/\/www.obispadorqta.org.ar\/v3\/wp-json\/wp\/v2\/users\/3"}],"replies":[{"embeddable":true,"href":"https:\/\/www.obispadorqta.org.ar\/v3\/wp-json\/wp\/v2\/comments?post=6899"}],"version-history":[{"count":2,"href":"https:\/\/www.obispadorqta.org.ar\/v3\/wp-json\/wp\/v2\/posts\/6899\/revisions"}],"predecessor-version":[{"id":6903,"href":"https:\/\/www.obispadorqta.org.ar\/v3\/wp-json\/wp\/v2\/posts\/6899\/revisions\/6903"}],"wp:featuredmedia":[{"embeddable":true,"href":"https:\/\/www.obispadorqta.org.ar\/v3\/wp-json\/wp\/v2\/media\/6902"}],"wp:attachment":[{"href":"https:\/\/www.obispadorqta.org.ar\/v3\/wp-json\/wp\/v2\/media?parent=6899"}],"wp:term":[{"taxonomy":"category","embeddable":true,"href":"https:\/\/www.obispadorqta.org.ar\/v3\/wp-json\/wp\/v2\/categories?post=6899"},{"taxonomy":"post_tag","embeddable":true,"href":"https:\/\/www.obispadorqta.org.ar\/v3\/wp-json\/wp\/v2\/tags?post=6899"}],"curies":[{"name":"wp","href":"https:\/\/api.w.org\/{rel}","templated":true}]}}