{"id":6905,"date":"2021-09-21T10:42:17","date_gmt":"2021-09-21T13:42:17","guid":{"rendered":"http:\/\/www.obispadorqta.org.ar\/v3\/?p=6905"},"modified":"2021-09-23T09:09:59","modified_gmt":"2021-09-23T12:09:59","slug":"caminata-vocacional-por-burbujas","status":"publish","type":"post","link":"https:\/\/www.obispadorqta.org.ar\/v3\/caminata-vocacional-por-burbujas\/","title":{"rendered":"CAMINATA VOCACIONAL \u00abPOR BURBUJAS\u00bb"},"content":{"rendered":"<p style=\"text-align: justify;\">El s\u00e1bado 25 de setiembre, y como eco de la tradicional Peregrinaci\u00f3n Regional Juvenil a Itat\u00ed, se realizar\u00e1 una Peregrinaci\u00f3n diocesana de j\u00f3venes, bajo la modalidad de \u00abburbujas\u00bb.<\/p>\n<p style=\"text-align: justify;\">La misma partir\u00e1 del Centro Vocacional, ubicado en B\u00ba Lanceros del Sauce, detr\u00e1s de la capilla \u00abNtra. Sra. de la Paz\u00bb, y seguir\u00e1 un itinerario interbarrial, hasta llegar a la capilla San Cayetano de Barros Pasos, donde se celebrar\u00e1 la Eucarist\u00eda, a las 18.30 hs., presidida por el obispo diocesano Mons. \u00c1ngel Jos\u00e9 Mac\u00edn.<\/p>\n<p style=\"text-align: justify;\">La iniciativa cuenta con la autorizaci\u00f3n de los responsables sanitarios del Municipio de Reconquista, quien estar\u00e1 colaborando en el cuidado del tr\u00e1nsito.<\/p>\n<p style=\"text-align: justify;\">La intenci\u00f3n principal es pedir por los j\u00f3venes y las vocaciones.<\/p>\n<div dir=\"auto\">Link para la inscripci\u00f3n: <a class=\"oajrlxb2 g5ia77u1 qu0x051f esr5mh6w e9989ue4 r7d6kgcz rq0escxv nhd2j8a9 nc684nl6 p7hjln8o kvgmc6g5 cxmmr5t8 oygrvhab hcukyx3x jb3vyjys rz4wbd8a qt6c0cv9 a8nywdso i1ao9s8h esuyzwwr f1sip0of lzcic4wl py34i1dx gpro0wi8\" tabindex=\"0\" role=\"link\" href=\"https:\/\/forms.gle\/rcJ87FM2aUcXHakP9?fbclid=IwAR1gsucfJX13kH2YvgcScEfHS1BUSUd0yB84dITj9vB6Pzm7ncitITCzWGY\" target=\"_blank\" rel=\"nofollow noopener noreferrer\">https:\/\/forms.gle\/rcJ87FM2aUcXHakP9<\/a><\/div>\n<p>\u00a0<\/p>\n\n\n<p><\/p>\n","protected":false},"excerpt":{"rendered":"<div class=\"mh-excerpt\"><p>El s\u00e1bado 25 de setiembre, y como eco de la tradicional Peregrinaci\u00f3n Regional Juvenil a Itat\u00ed, se realizar\u00e1 una Peregrinaci\u00f3n diocesana de j\u00f3venes, bajo la <a class=\"mh-excerpt-more\" href=\"https:\/\/www.obispadorqta.org.ar\/v3\/caminata-vocacional-por-burbujas\/\" title=\"CAMINATA VOCACIONAL \u00abPOR BURBUJAS\u00bb\">[&#8230;]<\/a><\/p>\n<\/div>","protected":false},"author":3,"featured_media":6936,"comment_status":"closed","ping_status":"open","sticky":false,"template":"","format":"standard","meta":{"footnotes":""},"categories":[6,28],"tags":[],"class_list":["post-6905","post","type-post","status-publish","format-standard","has-post-thumbnail","hentry","category-news","category-latest-news"],"_links":{"self":[{"href":"https:\/\/www.obispadorqta.org.ar\/v3\/wp-json\/wp\/v2\/posts\/6905","targetHints":{"allow":["GET"]}}],"collection":[{"href":"https:\/\/www.obispadorqta.org.ar\/v3\/wp-json\/wp\/v2\/posts"}],"about":[{"href":"https:\/\/www.obispadorqta.org.ar\/v3\/wp-json\/wp\/v2\/types\/post"}],"author":[{"embeddable":true,"href":"https:\/\/www.obispadorqta.org.ar\/v3\/wp-json\/wp\/v2\/users\/3"}],"replies":[{"embeddable":true,"href":"https:\/\/www.obispadorqta.org.ar\/v3\/wp-json\/wp\/v2\/comments?post=6905"}],"version-history":[{"count":5,"href":"https:\/\/www.obispadorqta.org.ar\/v3\/wp-json\/wp\/v2\/posts\/6905\/revisions"}],"predecessor-version":[{"id":6937,"href":"https:\/\/www.obispadorqta.org.ar\/v3\/wp-json\/wp\/v2\/posts\/6905\/revisions\/6937"}],"wp:featuredmedia":[{"embeddable":true,"href":"https:\/\/www.obispadorqta.org.ar\/v3\/wp-json\/wp\/v2\/media\/6936"}],"wp:attachment":[{"href":"https:\/\/www.obispadorqta.org.ar\/v3\/wp-json\/wp\/v2\/media?parent=6905"}],"wp:term":[{"taxonomy":"category","embeddable":true,"href":"https:\/\/www.obispadorqta.org.ar\/v3\/wp-json\/wp\/v2\/categories?post=6905"},{"taxonomy":"post_tag","embeddable":true,"href":"https:\/\/www.obispadorqta.org.ar\/v3\/wp-json\/wp\/v2\/tags?post=6905"}],"curies":[{"name":"wp","href":"https:\/\/api.w.org\/{rel}","templated":true}]}}