{"id":6911,"date":"2021-09-15T11:50:13","date_gmt":"2021-09-15T14:50:13","guid":{"rendered":"http:\/\/www.obispadorqta.org.ar\/v3\/?p=6911"},"modified":"2021-09-15T11:52:51","modified_gmt":"2021-09-15T14:52:51","slug":"colecta-nacional-mas-por-menos-9","status":"publish","type":"post","link":"https:\/\/www.obispadorqta.org.ar\/v3\/colecta-nacional-mas-por-menos-9\/","title":{"rendered":"COLECTA NACIONAL MAS POR MENOS"},"content":{"rendered":"<p style=\"text-align: justify;\"><em><strong>\u00abEntre todos, renovemos la esperanza\u00bb<\/strong><\/em>: con este lema, los d\u00edas <strong>18 y 19 de septiembre<\/strong> se llevara a cabo en Argentina la 52\u00aa edici\u00f3n de la tradicional colecta \u00abM\u00e1s por menos\u00bb, organizada por la Comisi\u00f3n Episcopal Nacional para la Ayuda a las regiones m\u00e1s necesitadas.<\/p>\n<p style=\"text-align: justify;\">Las obras que apoya M\u00e1s por Menos ayudan a paliar las dificultades de gran parte de la poblaci\u00f3n del interior, especialmente aquella que se encuentra marginada en las zonas m\u00e1s pobres de Argentina, siendo un puente de comunicaci\u00f3n entre los que m\u00e1s tienen y los que tienen poco o nada. Los obispos la definen como \u201cun espacio creado para compensar la falta de equidad social\u201d. Esta colecta es una de las de mayor envergadura dentro de la Iglesia Cat\u00f3lica Argentina.<\/p>\n<p style=\"text-align: justify;\">En la Argentina hay una profunda inequidad con muchos recursos por un lado y muchas necesidades por el otro. Esta colecta es un gesto que busca que estas dos realidades puedan encontrarse.<\/p>\n<p style=\"text-align: justify;\">M\u00e1s por Menos significa brindar auxilio para que la Iglesia pueda llegar a todos con su mensaje de vida y su amor solidario. Sin excluir a nadie, esta colecta pretende ser un instrumento m\u00e1s para fortalecer con recursos la convocatoria a todos a asumir la Buena Noticia del Evangelio en una vida pastoral y comunitaria que ayude a formar ciudadanos responsables, honestos y justos.<\/p>\n","protected":false},"excerpt":{"rendered":"<div class=\"mh-excerpt\"><p>\u00abEntre todos, renovemos la esperanza\u00bb: con este lema, los d\u00edas 18 y 19 de septiembre se llevara a cabo en Argentina la 52\u00aa edici\u00f3n de <a class=\"mh-excerpt-more\" href=\"https:\/\/www.obispadorqta.org.ar\/v3\/colecta-nacional-mas-por-menos-9\/\" title=\"COLECTA NACIONAL MAS POR MENOS\">[&#8230;]<\/a><\/p>\n<\/div>","protected":false},"author":3,"featured_media":6915,"comment_status":"closed","ping_status":"open","sticky":false,"template":"","format":"standard","meta":{"footnotes":""},"categories":[6,28],"tags":[],"class_list":["post-6911","post","type-post","status-publish","format-standard","has-post-thumbnail","hentry","category-news","category-latest-news"],"_links":{"self":[{"href":"https:\/\/www.obispadorqta.org.ar\/v3\/wp-json\/wp\/v2\/posts\/6911","targetHints":{"allow":["GET"]}}],"collection":[{"href":"https:\/\/www.obispadorqta.org.ar\/v3\/wp-json\/wp\/v2\/posts"}],"about":[{"href":"https:\/\/www.obispadorqta.org.ar\/v3\/wp-json\/wp\/v2\/types\/post"}],"author":[{"embeddable":true,"href":"https:\/\/www.obispadorqta.org.ar\/v3\/wp-json\/wp\/v2\/users\/3"}],"replies":[{"embeddable":true,"href":"https:\/\/www.obispadorqta.org.ar\/v3\/wp-json\/wp\/v2\/comments?post=6911"}],"version-history":[{"count":2,"href":"https:\/\/www.obispadorqta.org.ar\/v3\/wp-json\/wp\/v2\/posts\/6911\/revisions"}],"predecessor-version":[{"id":6916,"href":"https:\/\/www.obispadorqta.org.ar\/v3\/wp-json\/wp\/v2\/posts\/6911\/revisions\/6916"}],"wp:featuredmedia":[{"embeddable":true,"href":"https:\/\/www.obispadorqta.org.ar\/v3\/wp-json\/wp\/v2\/media\/6915"}],"wp:attachment":[{"href":"https:\/\/www.obispadorqta.org.ar\/v3\/wp-json\/wp\/v2\/media?parent=6911"}],"wp:term":[{"taxonomy":"category","embeddable":true,"href":"https:\/\/www.obispadorqta.org.ar\/v3\/wp-json\/wp\/v2\/categories?post=6911"},{"taxonomy":"post_tag","embeddable":true,"href":"https:\/\/www.obispadorqta.org.ar\/v3\/wp-json\/wp\/v2\/tags?post=6911"}],"curies":[{"name":"wp","href":"https:\/\/api.w.org\/{rel}","templated":true}]}}