{"id":6918,"date":"2021-09-17T08:05:58","date_gmt":"2021-09-17T11:05:58","guid":{"rendered":"http:\/\/www.obispadorqta.org.ar\/v3\/?p=6918"},"modified":"2021-09-17T08:06:23","modified_gmt":"2021-09-17T11:06:23","slug":"consejo-de-presbiterio-y-colegio-de-consultores","status":"publish","type":"post","link":"https:\/\/www.obispadorqta.org.ar\/v3\/consejo-de-presbiterio-y-colegio-de-consultores\/","title":{"rendered":"CONSEJO DE PRESBITERIO Y COLEGIO DE CONSULTORES"},"content":{"rendered":"<p style=\"text-align: justify;\"><span style=\"color: #000000;\">De acuerdo al procedimiento indicado por el C\u00f3digo de Derecho Can\u00f3nico y los Estatutos Diocesanos, el Obispo Diocesano, Mons. \u00c1ngel Jos\u00e9 Mac\u00edn, en el d\u00eda de ayer, 16 de setiembre de 2021, ha dejado conformado el nuevo Consejo de Presbiterio, quien acompa\u00f1ar\u00e1 su misi\u00f3n durante los pr\u00f3ximos tres a\u00f1os.<\/span><\/p>\n<p style=\"text-align: justify;\"><span style=\"color: #000000;\">El mismo est\u00e1 integrado por los siguientes presb\u00edteros:<\/span><\/p>\n<p style=\"text-align: justify;\"><strong><span style=\"color: #000000;\">Mons. Silvio Orlando Fabbro (por derecho)<\/span><\/strong><br \/>\n<strong><span style=\"color: #000000;\">Mons. Germ\u00e1n Ernesto Vallejos (por derecho)<\/span><\/strong><br \/>\n<strong><span style=\"color: #000000;\">Mons. Jorge Luis Duarte Paz (por derecho)<\/span><\/strong><br \/>\n<strong><span style=\"color: #000000;\">P. Omar Abel Faccioli (por todo el presbiterio)<\/span><\/strong><br \/>\n<strong><span style=\"color: #000000;\">P. Jos\u00e9 Antonio Silva psdp (por los sacerdotes religiosos)<\/span><\/strong><br \/>\n<strong><span style=\"color: #000000;\">P. Javier Ubaldo Pividori (por zona sur)<\/span><\/strong><br \/>\n<strong><span style=\"color: #000000;\">P. Juan Jos\u00e9 Delarossa (por zona centro)<\/span><\/strong><br \/>\n<strong><span style=\"color: #000000;\">P. Ariel Fabi\u00e1n Brollo (por zona monte)<\/span><\/strong><br \/>\n<strong><span style=\"color: #000000;\">P. Adri\u00e1n Eduardo Fun (por zona norte)<\/span><\/strong><br \/>\n<strong><span style=\"color: #000000;\">P. Sergio Fabi\u00e1n Vicent\u00edn (por nominaci\u00f3n episcopal)<\/span><\/strong><br \/>\n<strong><span style=\"color: #000000;\">P. Gustavo Armando Braidot (por nominaci\u00f3n episcopal)<\/span><\/strong><\/p>\n<p style=\"text-align: justify;\"><span style=\"color: #000000;\">Pedimos al Se\u00f1or que este organismo de comuni\u00f3n pueda colaborar de un modo evang\u00e9lico con el Obispo, en la conducci\u00f3n y animaci\u00f3n de nuestra Iglesia Particular.<\/span><\/p>\n<p style=\"text-align: justify;\"><span style=\"color: #000000;\">Tambi\u00e9n ha quedado constituido el Colegio de Consultores, de la siguiente manera:<\/span><\/p>\n<p style=\"text-align: justify;\"><strong><span style=\"color: #000000;\">Mons. Silvio Orlando Fabbro<\/span><\/strong><br \/>\n<strong><span style=\"color: #000000;\">Mons. Germ\u00e1n Ernesto Vallejos<\/span><\/strong><br \/>\n<strong><span style=\"color: #000000;\">Mons. Jorge Luis Duarte Paz<\/span><\/strong><br \/>\n<strong><span style=\"color: #000000;\">P. Omar Abel Faccioli<\/span><\/strong><br \/>\n<strong><span style=\"color: #000000;\">P. Jos\u00e9 Antonio Silva psdp<\/span><\/strong><br \/>\n<strong><span style=\"color: #000000;\">P. Javier Ubaldo Pividori<\/span><\/strong><br \/>\n<strong><span style=\"color: #000000;\">P. Sergio Fabi\u00e1n Vicent\u00edn<\/span><\/strong><\/p>\n<p style=\"text-align: justify;\"><span style=\"color: #000000;\">El mandato del Colegio de Consultores es por cinco a\u00f1os, a partir de su conformaci\u00f3n.<\/span><\/p>\n","protected":false},"excerpt":{"rendered":"<div class=\"mh-excerpt\"><p>De acuerdo al procedimiento indicado por el C\u00f3digo de Derecho Can\u00f3nico y los Estatutos Diocesanos, el Obispo Diocesano, Mons. \u00c1ngel Jos\u00e9 Mac\u00edn, en el d\u00eda <a class=\"mh-excerpt-more\" href=\"https:\/\/www.obispadorqta.org.ar\/v3\/consejo-de-presbiterio-y-colegio-de-consultores\/\" title=\"CONSEJO DE PRESBITERIO Y COLEGIO DE CONSULTORES\">[&#8230;]<\/a><\/p>\n<\/div>","protected":false},"author":3,"featured_media":5096,"comment_status":"closed","ping_status":"open","sticky":false,"template":"","format":"standard","meta":{"footnotes":""},"categories":[6,28],"tags":[],"class_list":["post-6918","post","type-post","status-publish","format-standard","has-post-thumbnail","hentry","category-news","category-latest-news"],"_links":{"self":[{"href":"https:\/\/www.obispadorqta.org.ar\/v3\/wp-json\/wp\/v2\/posts\/6918","targetHints":{"allow":["GET"]}}],"collection":[{"href":"https:\/\/www.obispadorqta.org.ar\/v3\/wp-json\/wp\/v2\/posts"}],"about":[{"href":"https:\/\/www.obispadorqta.org.ar\/v3\/wp-json\/wp\/v2\/types\/post"}],"author":[{"embeddable":true,"href":"https:\/\/www.obispadorqta.org.ar\/v3\/wp-json\/wp\/v2\/users\/3"}],"replies":[{"embeddable":true,"href":"https:\/\/www.obispadorqta.org.ar\/v3\/wp-json\/wp\/v2\/comments?post=6918"}],"version-history":[{"count":1,"href":"https:\/\/www.obispadorqta.org.ar\/v3\/wp-json\/wp\/v2\/posts\/6918\/revisions"}],"predecessor-version":[{"id":6919,"href":"https:\/\/www.obispadorqta.org.ar\/v3\/wp-json\/wp\/v2\/posts\/6918\/revisions\/6919"}],"wp:featuredmedia":[{"embeddable":true,"href":"https:\/\/www.obispadorqta.org.ar\/v3\/wp-json\/wp\/v2\/media\/5096"}],"wp:attachment":[{"href":"https:\/\/www.obispadorqta.org.ar\/v3\/wp-json\/wp\/v2\/media?parent=6918"}],"wp:term":[{"taxonomy":"category","embeddable":true,"href":"https:\/\/www.obispadorqta.org.ar\/v3\/wp-json\/wp\/v2\/categories?post=6918"},{"taxonomy":"post_tag","embeddable":true,"href":"https:\/\/www.obispadorqta.org.ar\/v3\/wp-json\/wp\/v2\/tags?post=6918"}],"curies":[{"name":"wp","href":"https:\/\/api.w.org\/{rel}","templated":true}]}}