{"id":6921,"date":"2021-09-22T11:14:16","date_gmt":"2021-09-22T14:14:16","guid":{"rendered":"http:\/\/www.obispadorqta.org.ar\/v3\/?p=6921"},"modified":"2021-09-22T11:14:38","modified_gmt":"2021-09-22T14:14:38","slug":"ordenacion-sacerdotal-7","status":"publish","type":"post","link":"https:\/\/www.obispadorqta.org.ar\/v3\/ordenacion-sacerdotal-7\/","title":{"rendered":"ORDENACI\u00d3N SACERDOTAL"},"content":{"rendered":"<p style=\"text-align: justify;\"><span style=\"color: #000000;\">Bajo el lema \u00ab<em>Cre\u00ed, y por eso hable\u00bb<\/em> (2 Cor. 4,13) y por la imposici\u00f3n de manos y la oraci\u00f3n consecratoria de nuestro Obispo Diocesano, Mons. \u00c1ngel Jos\u00e9 Mac\u00edn ser\u00e1 consagrado Sacerdote al Di\u00e1cono permanente Jorge Juli\u00e1n Gallard.<\/span><\/p>\n<p style=\"text-align: justify;\"><span style=\"color: #000000;\">La celebraci\u00f3n eucar\u00edstica se llevar\u00e1 a cabo el d\u00eda viernes 01 de octubre en la parroquia \u201cSagrado Coraz\u00f3n de Jes\u00fas\u201d de La Gallareta a las 19 hs.<\/span><\/p>\n<p style=\"text-align: justify;\"><span style=\"color: #000000;\">Invitamos a todos a participar de este evento que nos llena de alegr\u00eda y nos unimos en oraci\u00f3n por los frutos del ministerio.<\/span><\/p>\n<p><img loading=\"lazy\" decoding=\"async\" class=\"aligncenter  wp-image-6922\" src=\"https:\/\/www.obispadorqta.org.ar\/v3\/wp-content\/uploads\/2021\/09\/IMG-20210922-WA0004.jpg\" alt=\"\" width=\"501\" height=\"709\" srcset=\"https:\/\/www.obispadorqta.org.ar\/v3\/wp-content\/uploads\/2021\/09\/IMG-20210922-WA0004.jpg 904w, https:\/\/www.obispadorqta.org.ar\/v3\/wp-content\/uploads\/2021\/09\/IMG-20210922-WA0004-212x300.jpg 212w, https:\/\/www.obispadorqta.org.ar\/v3\/wp-content\/uploads\/2021\/09\/IMG-20210922-WA0004-723x1024.jpg 723w, https:\/\/www.obispadorqta.org.ar\/v3\/wp-content\/uploads\/2021\/09\/IMG-20210922-WA0004-768x1087.jpg 768w\" sizes=\"auto, (max-width: 501px) 100vw, 501px\" \/><\/p>\n","protected":false},"excerpt":{"rendered":"<div class=\"mh-excerpt\"><p>Bajo el lema \u00abCre\u00ed, y por eso hable\u00bb (2 Cor. 4,13) y por la imposici\u00f3n de manos y la oraci\u00f3n consecratoria de nuestro Obispo Diocesano, <a class=\"mh-excerpt-more\" href=\"https:\/\/www.obispadorqta.org.ar\/v3\/ordenacion-sacerdotal-7\/\" title=\"ORDENACI\u00d3N SACERDOTAL\">[&#8230;]<\/a><\/p>\n<\/div>","protected":false},"author":3,"featured_media":6593,"comment_status":"closed","ping_status":"open","sticky":false,"template":"","format":"standard","meta":{"footnotes":""},"categories":[6,28],"tags":[],"class_list":["post-6921","post","type-post","status-publish","format-standard","has-post-thumbnail","hentry","category-news","category-latest-news"],"_links":{"self":[{"href":"https:\/\/www.obispadorqta.org.ar\/v3\/wp-json\/wp\/v2\/posts\/6921","targetHints":{"allow":["GET"]}}],"collection":[{"href":"https:\/\/www.obispadorqta.org.ar\/v3\/wp-json\/wp\/v2\/posts"}],"about":[{"href":"https:\/\/www.obispadorqta.org.ar\/v3\/wp-json\/wp\/v2\/types\/post"}],"author":[{"embeddable":true,"href":"https:\/\/www.obispadorqta.org.ar\/v3\/wp-json\/wp\/v2\/users\/3"}],"replies":[{"embeddable":true,"href":"https:\/\/www.obispadorqta.org.ar\/v3\/wp-json\/wp\/v2\/comments?post=6921"}],"version-history":[{"count":1,"href":"https:\/\/www.obispadorqta.org.ar\/v3\/wp-json\/wp\/v2\/posts\/6921\/revisions"}],"predecessor-version":[{"id":6923,"href":"https:\/\/www.obispadorqta.org.ar\/v3\/wp-json\/wp\/v2\/posts\/6921\/revisions\/6923"}],"wp:featuredmedia":[{"embeddable":true,"href":"https:\/\/www.obispadorqta.org.ar\/v3\/wp-json\/wp\/v2\/media\/6593"}],"wp:attachment":[{"href":"https:\/\/www.obispadorqta.org.ar\/v3\/wp-json\/wp\/v2\/media?parent=6921"}],"wp:term":[{"taxonomy":"category","embeddable":true,"href":"https:\/\/www.obispadorqta.org.ar\/v3\/wp-json\/wp\/v2\/categories?post=6921"},{"taxonomy":"post_tag","embeddable":true,"href":"https:\/\/www.obispadorqta.org.ar\/v3\/wp-json\/wp\/v2\/tags?post=6921"}],"curies":[{"name":"wp","href":"https:\/\/api.w.org\/{rel}","templated":true}]}}