{"id":6939,"date":"2009-09-23T11:17:22","date_gmt":"2009-09-23T14:17:22","guid":{"rendered":"http:\/\/www.obispadorqta.org.ar\/v3\/?p=6939"},"modified":"2021-09-23T11:17:47","modified_gmt":"2021-09-23T14:17:47","slug":"alcides-jose-prez","status":"publish","type":"post","link":"https:\/\/www.obispadorqta.org.ar\/v3\/alcides-jose-prez\/","title":{"rendered":"Alcides Jos\u00e9 Prez"},"content":{"rendered":"<p><strong><u>Datos personales:<\/u><\/strong><br \/>\nNaci\u00f3 el 03 de febrero de 1948.<\/p>\n<p><strong><u>Estudios realizados y formaci\u00f3n recibida:<\/u><\/strong><br \/>\nRecibi\u00f3 el Sacramento del Orden Sagrado del Diaconado Permanente el 02 de junio de 2019.<\/p>\n<p><strong><u>Oficio Pastoral Actual:<\/u><\/strong><\/p>\n<p>\u2022 Di\u00e1cono Permanente adscripto a la parroquia \u201cLa Encarnaci\u00f3n del Se\u00f1or\u201d de La Sarita.<\/p>\n<p><strong><u>Asesor\u00edas:<\/u><\/strong><\/p>\n<p>\u2022<\/p>\n<p><strong><u>Domicilio:<\/u><\/strong> Zona Urbana, La Sarita, Santa Fe.<\/p>\n<p><strong><u>Tel\u00e9fono celular:<\/u><\/strong>\u00a0 (03482) 15522111<\/p>\n","protected":false},"excerpt":{"rendered":"<div class=\"mh-excerpt\"><p>Datos personales: Naci\u00f3 el 03 de febrero de 1948. Estudios realizados y formaci\u00f3n recibida: Recibi\u00f3 el Sacramento del Orden Sagrado del Diaconado Permanente el 02 <a class=\"mh-excerpt-more\" href=\"https:\/\/www.obispadorqta.org.ar\/v3\/alcides-jose-prez\/\" title=\"Alcides Jos\u00e9 Prez\">[&#8230;]<\/a><\/p>\n<\/div>","protected":false},"author":2,"featured_media":4024,"comment_status":"closed","ping_status":"open","sticky":false,"template":"","format":"standard","meta":{"footnotes":""},"categories":[83],"tags":[],"class_list":["post-6939","post","type-post","status-publish","format-standard","has-post-thumbnail","hentry","category-diaconospermanentes"],"_links":{"self":[{"href":"https:\/\/www.obispadorqta.org.ar\/v3\/wp-json\/wp\/v2\/posts\/6939","targetHints":{"allow":["GET"]}}],"collection":[{"href":"https:\/\/www.obispadorqta.org.ar\/v3\/wp-json\/wp\/v2\/posts"}],"about":[{"href":"https:\/\/www.obispadorqta.org.ar\/v3\/wp-json\/wp\/v2\/types\/post"}],"author":[{"embeddable":true,"href":"https:\/\/www.obispadorqta.org.ar\/v3\/wp-json\/wp\/v2\/users\/2"}],"replies":[{"embeddable":true,"href":"https:\/\/www.obispadorqta.org.ar\/v3\/wp-json\/wp\/v2\/comments?post=6939"}],"version-history":[{"count":1,"href":"https:\/\/www.obispadorqta.org.ar\/v3\/wp-json\/wp\/v2\/posts\/6939\/revisions"}],"predecessor-version":[{"id":6940,"href":"https:\/\/www.obispadorqta.org.ar\/v3\/wp-json\/wp\/v2\/posts\/6939\/revisions\/6940"}],"wp:featuredmedia":[{"embeddable":true,"href":"https:\/\/www.obispadorqta.org.ar\/v3\/wp-json\/wp\/v2\/media\/4024"}],"wp:attachment":[{"href":"https:\/\/www.obispadorqta.org.ar\/v3\/wp-json\/wp\/v2\/media?parent=6939"}],"wp:term":[{"taxonomy":"category","embeddable":true,"href":"https:\/\/www.obispadorqta.org.ar\/v3\/wp-json\/wp\/v2\/categories?post=6939"},{"taxonomy":"post_tag","embeddable":true,"href":"https:\/\/www.obispadorqta.org.ar\/v3\/wp-json\/wp\/v2\/tags?post=6939"}],"curies":[{"name":"wp","href":"https:\/\/api.w.org\/{rel}","templated":true}]}}