{"id":6942,"date":"2021-09-29T07:57:40","date_gmt":"2021-09-29T10:57:40","guid":{"rendered":"http:\/\/www.obispadorqta.org.ar\/v3\/?p=6942"},"modified":"2021-09-29T09:27:55","modified_gmt":"2021-09-29T12:27:55","slug":"san-jose-y-la-educacion","status":"publish","type":"post","link":"https:\/\/www.obispadorqta.org.ar\/v3\/san-jose-y-la-educacion\/","title":{"rendered":"SAN JOS\u00c9 Y LA EDUCACI\u00d3N"},"content":{"rendered":"<p style=\"text-align: justify;\">La Red de Escuelas del Obispado de Reconquista invita a la Celebraci\u00f3n Eucar\u00edstica que tendr\u00e1 lugar el jueves 30 de setiembre a las 18 hs. en la Escuela San Jos\u00e9 de Fort\u00edn Olmos.<\/p>\n<p style=\"text-align: justify;\">Este encuentro, adem\u00e1s de celebrar el patrono de esa instituci\u00f3n, quiere resaltar la figura de San Jos\u00e9, como modelo e intercesor, en el terreno educativo.<\/p>\n<p style=\"text-align: justify;\">La misma ser\u00e1 presidida por el Obispo Diocesano, Mons. \u00c1ngel Jos\u00e9 Mac\u00edn, quien estar\u00e1 acompa\u00f1ado del Equipo de Gesti\u00f3n de la Red de Escuelas del Obispado y de miembros de la mencionada comunidad educativa.<\/p>\n","protected":false},"excerpt":{"rendered":"<div class=\"mh-excerpt\"><p>La Red de Escuelas del Obispado de Reconquista invita a la Celebraci\u00f3n Eucar\u00edstica que tendr\u00e1 lugar el jueves 30 de setiembre a las 18 hs. <a class=\"mh-excerpt-more\" href=\"https:\/\/www.obispadorqta.org.ar\/v3\/san-jose-y-la-educacion\/\" title=\"SAN JOS\u00c9 Y LA EDUCACI\u00d3N\">[&#8230;]<\/a><\/p>\n<\/div>","protected":false},"author":3,"featured_media":6943,"comment_status":"closed","ping_status":"open","sticky":false,"template":"","format":"standard","meta":{"footnotes":""},"categories":[6,28],"tags":[],"class_list":["post-6942","post","type-post","status-publish","format-standard","has-post-thumbnail","hentry","category-news","category-latest-news"],"_links":{"self":[{"href":"https:\/\/www.obispadorqta.org.ar\/v3\/wp-json\/wp\/v2\/posts\/6942","targetHints":{"allow":["GET"]}}],"collection":[{"href":"https:\/\/www.obispadorqta.org.ar\/v3\/wp-json\/wp\/v2\/posts"}],"about":[{"href":"https:\/\/www.obispadorqta.org.ar\/v3\/wp-json\/wp\/v2\/types\/post"}],"author":[{"embeddable":true,"href":"https:\/\/www.obispadorqta.org.ar\/v3\/wp-json\/wp\/v2\/users\/3"}],"replies":[{"embeddable":true,"href":"https:\/\/www.obispadorqta.org.ar\/v3\/wp-json\/wp\/v2\/comments?post=6942"}],"version-history":[{"count":3,"href":"https:\/\/www.obispadorqta.org.ar\/v3\/wp-json\/wp\/v2\/posts\/6942\/revisions"}],"predecessor-version":[{"id":6950,"href":"https:\/\/www.obispadorqta.org.ar\/v3\/wp-json\/wp\/v2\/posts\/6942\/revisions\/6950"}],"wp:featuredmedia":[{"embeddable":true,"href":"https:\/\/www.obispadorqta.org.ar\/v3\/wp-json\/wp\/v2\/media\/6943"}],"wp:attachment":[{"href":"https:\/\/www.obispadorqta.org.ar\/v3\/wp-json\/wp\/v2\/media?parent=6942"}],"wp:term":[{"taxonomy":"category","embeddable":true,"href":"https:\/\/www.obispadorqta.org.ar\/v3\/wp-json\/wp\/v2\/categories?post=6942"},{"taxonomy":"post_tag","embeddable":true,"href":"https:\/\/www.obispadorqta.org.ar\/v3\/wp-json\/wp\/v2\/tags?post=6942"}],"curies":[{"name":"wp","href":"https:\/\/api.w.org\/{rel}","templated":true}]}}