{"id":6945,"date":"2021-09-29T07:56:37","date_gmt":"2021-09-29T10:56:37","guid":{"rendered":"http:\/\/www.obispadorqta.org.ar\/v3\/?p=6945"},"modified":"2021-09-29T07:58:07","modified_gmt":"2021-09-29T10:58:07","slug":"ucsf-sub-sede-reconquista","status":"publish","type":"post","link":"https:\/\/www.obispadorqta.org.ar\/v3\/ucsf-sub-sede-reconquista\/","title":{"rendered":"UCSF &#8211; SUB-SEDE RECONQUISTA"},"content":{"rendered":"<p style=\"text-align: justify;\">Comunicamos que el pr\u00f3ximo jueves 30, a las 11 hs., tendr\u00e1 lugar el acto de imposici\u00f3n de nombre de la Sede Reconquista de la UCSF. La misma pasar\u00e1 a llamarse \u00abSan Jer\u00f3nimo\u00bb, por razones teol\u00f3gicas y culturales.<\/p>\n<p style=\"text-align: justify;\">Participar\u00e1n en dicho evento autoridades de la UCSF, el Obispo Diocesano, Mons. Dr. \u00c1ngel Jos\u00e9 Mac\u00edn e invitados especiales.<\/p>\n","protected":false},"excerpt":{"rendered":"<div class=\"mh-excerpt\"><p>Comunicamos que el pr\u00f3ximo jueves 30, a las 11 hs., tendr\u00e1 lugar el acto de imposici\u00f3n de nombre de la Sede Reconquista de la UCSF. <a class=\"mh-excerpt-more\" href=\"https:\/\/www.obispadorqta.org.ar\/v3\/ucsf-sub-sede-reconquista\/\" title=\"UCSF &#8211; SUB-SEDE RECONQUISTA\">[&#8230;]<\/a><\/p>\n<\/div>","protected":false},"author":2,"featured_media":6949,"comment_status":"open","ping_status":"open","sticky":false,"template":"","format":"standard","meta":{"footnotes":""},"categories":[6,28],"tags":[],"class_list":["post-6945","post","type-post","status-publish","format-standard","has-post-thumbnail","hentry","category-news","category-latest-news"],"_links":{"self":[{"href":"https:\/\/www.obispadorqta.org.ar\/v3\/wp-json\/wp\/v2\/posts\/6945","targetHints":{"allow":["GET"]}}],"collection":[{"href":"https:\/\/www.obispadorqta.org.ar\/v3\/wp-json\/wp\/v2\/posts"}],"about":[{"href":"https:\/\/www.obispadorqta.org.ar\/v3\/wp-json\/wp\/v2\/types\/post"}],"author":[{"embeddable":true,"href":"https:\/\/www.obispadorqta.org.ar\/v3\/wp-json\/wp\/v2\/users\/2"}],"replies":[{"embeddable":true,"href":"https:\/\/www.obispadorqta.org.ar\/v3\/wp-json\/wp\/v2\/comments?post=6945"}],"version-history":[{"count":1,"href":"https:\/\/www.obispadorqta.org.ar\/v3\/wp-json\/wp\/v2\/posts\/6945\/revisions"}],"predecessor-version":[{"id":6947,"href":"https:\/\/www.obispadorqta.org.ar\/v3\/wp-json\/wp\/v2\/posts\/6945\/revisions\/6947"}],"wp:featuredmedia":[{"embeddable":true,"href":"https:\/\/www.obispadorqta.org.ar\/v3\/wp-json\/wp\/v2\/media\/6949"}],"wp:attachment":[{"href":"https:\/\/www.obispadorqta.org.ar\/v3\/wp-json\/wp\/v2\/media?parent=6945"}],"wp:term":[{"taxonomy":"category","embeddable":true,"href":"https:\/\/www.obispadorqta.org.ar\/v3\/wp-json\/wp\/v2\/categories?post=6945"},{"taxonomy":"post_tag","embeddable":true,"href":"https:\/\/www.obispadorqta.org.ar\/v3\/wp-json\/wp\/v2\/tags?post=6945"}],"curies":[{"name":"wp","href":"https:\/\/api.w.org\/{rel}","templated":true}]}}