{"id":6952,"date":"2021-10-04T08:45:38","date_gmt":"2021-10-04T11:45:38","guid":{"rendered":"http:\/\/www.obispadorqta.org.ar\/v3\/?p=6952"},"modified":"2021-10-04T08:56:43","modified_gmt":"2021-10-04T11:56:43","slug":"mes-misionero","status":"publish","type":"post","link":"https:\/\/www.obispadorqta.org.ar\/v3\/mes-misionero\/","title":{"rendered":"MES MISIONERO"},"content":{"rendered":"<p style=\"text-align: justify;\">Recordamos que el mes de octubre est\u00e1 dedicado a las misiones, esto es, a renovar la conciencia y el impulso misionero.<\/p>\n<p style=\"text-align: justify;\">Este a\u00f1o, el Papa Francisco, en un mensaje audiovisual, ha expresado <em>\u00abque todos procuren ser disc\u00edpulos misioneros en la vida cotidiana, en el trabajo del d\u00eda a d\u00eda, dando testimonio del encuentro con Jes\u00fas y viviendo con sabor a Evangelio\u00bb.<\/em><\/p>\n<p style=\"text-align: justify;\">Adem\u00e1s, insiste en que podamos vivir este mes con esp\u00edritu sinodal, preparando el inminente inicio del camino sinodal.<\/p>\n","protected":false},"excerpt":{"rendered":"<div class=\"mh-excerpt\"><p>Recordamos que el mes de octubre est\u00e1 dedicado a las misiones, esto es, a renovar la conciencia y el impulso misionero. Este a\u00f1o, el Papa <a class=\"mh-excerpt-more\" href=\"https:\/\/www.obispadorqta.org.ar\/v3\/mes-misionero\/\" title=\"MES MISIONERO\">[&#8230;]<\/a><\/p>\n<\/div>","protected":false},"author":3,"featured_media":6956,"comment_status":"closed","ping_status":"open","sticky":false,"template":"","format":"standard","meta":{"footnotes":""},"categories":[6,28],"tags":[],"class_list":["post-6952","post","type-post","status-publish","format-standard","has-post-thumbnail","hentry","category-news","category-latest-news"],"_links":{"self":[{"href":"https:\/\/www.obispadorqta.org.ar\/v3\/wp-json\/wp\/v2\/posts\/6952","targetHints":{"allow":["GET"]}}],"collection":[{"href":"https:\/\/www.obispadorqta.org.ar\/v3\/wp-json\/wp\/v2\/posts"}],"about":[{"href":"https:\/\/www.obispadorqta.org.ar\/v3\/wp-json\/wp\/v2\/types\/post"}],"author":[{"embeddable":true,"href":"https:\/\/www.obispadorqta.org.ar\/v3\/wp-json\/wp\/v2\/users\/3"}],"replies":[{"embeddable":true,"href":"https:\/\/www.obispadorqta.org.ar\/v3\/wp-json\/wp\/v2\/comments?post=6952"}],"version-history":[{"count":2,"href":"https:\/\/www.obispadorqta.org.ar\/v3\/wp-json\/wp\/v2\/posts\/6952\/revisions"}],"predecessor-version":[{"id":6958,"href":"https:\/\/www.obispadorqta.org.ar\/v3\/wp-json\/wp\/v2\/posts\/6952\/revisions\/6958"}],"wp:featuredmedia":[{"embeddable":true,"href":"https:\/\/www.obispadorqta.org.ar\/v3\/wp-json\/wp\/v2\/media\/6956"}],"wp:attachment":[{"href":"https:\/\/www.obispadorqta.org.ar\/v3\/wp-json\/wp\/v2\/media?parent=6952"}],"wp:term":[{"taxonomy":"category","embeddable":true,"href":"https:\/\/www.obispadorqta.org.ar\/v3\/wp-json\/wp\/v2\/categories?post=6952"},{"taxonomy":"post_tag","embeddable":true,"href":"https:\/\/www.obispadorqta.org.ar\/v3\/wp-json\/wp\/v2\/tags?post=6952"}],"curies":[{"name":"wp","href":"https:\/\/api.w.org\/{rel}","templated":true}]}}