{"id":6959,"date":"2021-10-05T08:00:28","date_gmt":"2021-10-05T11:00:28","guid":{"rendered":"http:\/\/www.obispadorqta.org.ar\/v3\/?p=6959"},"modified":"2023-08-22T11:52:03","modified_gmt":"2023-08-22T14:52:03","slug":"comienzo-camino-sinodal-hacia-2023","status":"publish","type":"post","link":"https:\/\/www.obispadorqta.org.ar\/v3\/comienzo-camino-sinodal-hacia-2023\/","title":{"rendered":"COMIENZO CAMINO SINODAL HACIA 2023"},"content":{"rendered":"<p style=\"text-align: justify;\">El pr\u00f3ximo domingo en el Vaticano, el Papa Francisco dar\u00e1 solemne inicio al camino sinodal, que tendr\u00e1 como tema la \u00absinodalidad\u00bb en la Iglesia, y cuyo momento culminante se vivir\u00e1 en Roma, a finales de 2023.<\/p>\n<p style=\"text-align: justify;\">El itinerario est\u00e1 segmentado en varias etapas. Durante 2021-2023 se vivir\u00e1 una fase diocesana, luego otro momento nacional, para llegar a la Asamblea Sinodal en Roma. Luego, seguir\u00e1 este camino, intentando la devoluci\u00f3n de todo lo reflexionado a las di\u00f3cesis.<\/p>\n<p style=\"text-align: justify;\">El Equipo Episcopal de Animaci\u00f3n del S\u00ednodo, a nivel nacional, y por decisi\u00f3n de la Comisi\u00f3n Ejecutiva de la CEA, estar\u00e1 integrado por Mons. Marcelo Colombo, arzobispo de Mendoza, Mons. C\u00e9sar Daniel Fern\u00e1ndez, obispo de Jujuy y nuestro obispo diocesano, Mons. \u00c1ngel Jos\u00e9 Mac\u00edn.<\/p>\n<p style=\"text-align: justify;\">En breve, daremos m\u00e1s datos sobre el inicio de la fase diocesana del S\u00ednodo.<\/p>\n","protected":false},"excerpt":{"rendered":"<div class=\"mh-excerpt\"><p>El pr\u00f3ximo domingo en el Vaticano, el Papa Francisco dar\u00e1 solemne inicio al camino sinodal, que tendr\u00e1 como tema la \u00absinodalidad\u00bb en la Iglesia, y <a class=\"mh-excerpt-more\" href=\"https:\/\/www.obispadorqta.org.ar\/v3\/comienzo-camino-sinodal-hacia-2023\/\" title=\"COMIENZO CAMINO SINODAL HACIA 2023\">[&#8230;]<\/a><\/p>\n<\/div>","protected":false},"author":3,"featured_media":6963,"comment_status":"open","ping_status":"open","sticky":false,"template":"","format":"standard","meta":{"footnotes":""},"categories":[6,28],"tags":[],"class_list":["post-6959","post","type-post","status-publish","format-standard","has-post-thumbnail","hentry","category-news","category-latest-news"],"_links":{"self":[{"href":"https:\/\/www.obispadorqta.org.ar\/v3\/wp-json\/wp\/v2\/posts\/6959","targetHints":{"allow":["GET"]}}],"collection":[{"href":"https:\/\/www.obispadorqta.org.ar\/v3\/wp-json\/wp\/v2\/posts"}],"about":[{"href":"https:\/\/www.obispadorqta.org.ar\/v3\/wp-json\/wp\/v2\/types\/post"}],"author":[{"embeddable":true,"href":"https:\/\/www.obispadorqta.org.ar\/v3\/wp-json\/wp\/v2\/users\/3"}],"replies":[{"embeddable":true,"href":"https:\/\/www.obispadorqta.org.ar\/v3\/wp-json\/wp\/v2\/comments?post=6959"}],"version-history":[{"count":1,"href":"https:\/\/www.obispadorqta.org.ar\/v3\/wp-json\/wp\/v2\/posts\/6959\/revisions"}],"predecessor-version":[{"id":6961,"href":"https:\/\/www.obispadorqta.org.ar\/v3\/wp-json\/wp\/v2\/posts\/6959\/revisions\/6961"}],"wp:featuredmedia":[{"embeddable":true,"href":"https:\/\/www.obispadorqta.org.ar\/v3\/wp-json\/wp\/v2\/media\/6963"}],"wp:attachment":[{"href":"https:\/\/www.obispadorqta.org.ar\/v3\/wp-json\/wp\/v2\/media?parent=6959"}],"wp:term":[{"taxonomy":"category","embeddable":true,"href":"https:\/\/www.obispadorqta.org.ar\/v3\/wp-json\/wp\/v2\/categories?post=6959"},{"taxonomy":"post_tag","embeddable":true,"href":"https:\/\/www.obispadorqta.org.ar\/v3\/wp-json\/wp\/v2\/tags?post=6959"}],"curies":[{"name":"wp","href":"https:\/\/api.w.org\/{rel}","templated":true}]}}