{"id":6965,"date":"2021-10-05T11:03:58","date_gmt":"2021-10-05T14:03:58","guid":{"rendered":"http:\/\/www.obispadorqta.org.ar\/v3\/?p=6965"},"modified":"2021-10-06T09:08:14","modified_gmt":"2021-10-06T12:08:14","slug":"ordenacion-diaconal-5","status":"publish","type":"post","link":"https:\/\/www.obispadorqta.org.ar\/v3\/ordenacion-diaconal-5\/","title":{"rendered":"ORDENACI\u00d3N DIACONAL"},"content":{"rendered":"<p style=\"text-align: justify;\">El pr\u00f3ximo domingo 10 de octubre, en la Parroquia \u00abNuestra Se\u00f1ora del Huerto\u00bb de Malabrigo, ser\u00e1 ordenado Di\u00e1cono Permanente el ac\u00f3lito Jorge Rosatti.<\/p>\n<p style=\"text-align: justify;\">La celebraci\u00f3n estar\u00e1 presidida por el Obispo Diocesano, Mons. \u00c1ngel Jos\u00e9 Mac\u00edn y comenzar\u00e1 a las 19 hs.<\/p>\n<p style=\"text-align: justify;\">Agradecemos este nuevo don de Dios a la Iglesia Diocesana, llamada a crecer en el servicio a todos, y oramos por la fidelidad de Jorge a la vocaci\u00f3n recibida.<\/p>\n","protected":false},"excerpt":{"rendered":"<div class=\"mh-excerpt\"><p>El pr\u00f3ximo domingo 10 de octubre, en la Parroquia \u00abNuestra Se\u00f1ora del Huerto\u00bb de Malabrigo, ser\u00e1 ordenado Di\u00e1cono Permanente el ac\u00f3lito Jorge Rosatti. La celebraci\u00f3n <a class=\"mh-excerpt-more\" href=\"https:\/\/www.obispadorqta.org.ar\/v3\/ordenacion-diaconal-5\/\" title=\"ORDENACI\u00d3N DIACONAL\">[&#8230;]<\/a><\/p>\n<\/div>","protected":false},"author":2,"featured_media":6969,"comment_status":"closed","ping_status":"open","sticky":false,"template":"","format":"standard","meta":{"footnotes":""},"categories":[6,28],"tags":[],"class_list":["post-6965","post","type-post","status-publish","format-standard","has-post-thumbnail","hentry","category-news","category-latest-news"],"_links":{"self":[{"href":"https:\/\/www.obispadorqta.org.ar\/v3\/wp-json\/wp\/v2\/posts\/6965","targetHints":{"allow":["GET"]}}],"collection":[{"href":"https:\/\/www.obispadorqta.org.ar\/v3\/wp-json\/wp\/v2\/posts"}],"about":[{"href":"https:\/\/www.obispadorqta.org.ar\/v3\/wp-json\/wp\/v2\/types\/post"}],"author":[{"embeddable":true,"href":"https:\/\/www.obispadorqta.org.ar\/v3\/wp-json\/wp\/v2\/users\/2"}],"replies":[{"embeddable":true,"href":"https:\/\/www.obispadorqta.org.ar\/v3\/wp-json\/wp\/v2\/comments?post=6965"}],"version-history":[{"count":2,"href":"https:\/\/www.obispadorqta.org.ar\/v3\/wp-json\/wp\/v2\/posts\/6965\/revisions"}],"predecessor-version":[{"id":6968,"href":"https:\/\/www.obispadorqta.org.ar\/v3\/wp-json\/wp\/v2\/posts\/6965\/revisions\/6968"}],"wp:featuredmedia":[{"embeddable":true,"href":"https:\/\/www.obispadorqta.org.ar\/v3\/wp-json\/wp\/v2\/media\/6969"}],"wp:attachment":[{"href":"https:\/\/www.obispadorqta.org.ar\/v3\/wp-json\/wp\/v2\/media?parent=6965"}],"wp:term":[{"taxonomy":"category","embeddable":true,"href":"https:\/\/www.obispadorqta.org.ar\/v3\/wp-json\/wp\/v2\/categories?post=6965"},{"taxonomy":"post_tag","embeddable":true,"href":"https:\/\/www.obispadorqta.org.ar\/v3\/wp-json\/wp\/v2\/tags?post=6965"}],"curies":[{"name":"wp","href":"https:\/\/api.w.org\/{rel}","templated":true}]}}