{"id":6973,"date":"2021-10-06T11:32:55","date_gmt":"2021-10-06T14:32:55","guid":{"rendered":"http:\/\/www.obispadorqta.org.ar\/v3\/?p=6973"},"modified":"2021-10-06T11:46:28","modified_gmt":"2021-10-06T14:46:28","slug":"mes-misionero-diocesano","status":"publish","type":"post","link":"https:\/\/www.obispadorqta.org.ar\/v3\/mes-misionero-diocesano\/","title":{"rendered":"Mes Misionero Diocesano"},"content":{"rendered":"<p style=\"text-align: justify;\"><span style=\"font-weight: 400;\">Querida comunidad diocesana:&nbsp;<\/span><\/p>\n<p style=\"text-align: justify;\"><span style=\"font-weight: 400;\">Como Comisi\u00f3n Diocesana de Misiones, queremos hacerles llegar algunas informaciones as\u00ed como animarlos a vivirlo en clave de misi\u00f3n.<\/span><\/p>\n<p style=\"text-align: justify;\"><span style=\"font-weight: 400;\">Desde el equipo nacional que conduce las Obras Misionales Pontificias este a\u00f1o se ha decidido dar lugar a las propuestas parroquiales en lugar de la propuesta virtual llevada adelante el a\u00f1o anterior, que ha dado muchos frutos. Aprovechamos esta ocasi\u00f3n para agradecer a los fieles y parroquias que en dicha ocasi\u00f3n se sumaron con distintas propuestas con el fin de animar y promover el llamado a la Misi\u00f3n y la cooperaci\u00f3n misionera en todas sus dimensiones.&nbsp;<\/span><\/p>\n<p style=\"text-align: justify;\"><span style=\"font-weight: 400;\">Este a\u00f1o, por su parte, el lema que animar\u00e1 el mes misionero es: \u201c<\/span><b><i>No podemos dejar de hablar de lo que hemos visto y o\u00eddo<\/i><\/b><span style=\"font-weight: 400;\">\u00bb (Hch 4,20).&nbsp;<\/span><\/p>\n<p style=\"text-align: justify;\"><span style=\"font-weight: 400;\">Adem\u00e1s, durante este mes, como cada a\u00f1o, habr\u00e1 dos fechas importantes.&nbsp;<\/span><\/p>\n<ul style=\"text-align: justify;\">\n<li><span style=\"font-weight: 400; color: #000000;\">El pr\u00f3ximo fin de semana se llevar\u00e1 a cabo en todo el pa\u00eds, la jornada del Domund. Una vez m\u00e1s, estamos invitados a colaborar con la actividad misionera global, con nuestro aporte.&nbsp;<\/span><\/li>\n<li><\/li>\n<li><span style=\"color: #000000;\"><span style=\"font-weight: 400;\">El d\u00eda <\/span><b>20 de octubre<\/b><span style=\"font-weight: 400;\">, junto a la di\u00f3cesis de Rafaela, estamos llamados como iglesia diocesana a unirnos a la cadena del Rosario Misionero. Los animamos a replicar esta propuesta a sus grupos y comunidades.&nbsp;<\/span><\/span><\/li>\n<\/ul>\n<p style=\"text-align: justify;\"><span style=\"font-weight: 400;\">Las circunstancias actuales y todo lo vivido en este tiempo a nivel mundial, nos desaf\u00edan e impulsan a buscar nuevas maneras para la evangelizaci\u00f3n y hoy la virtualidad nos ofrece muchas posibilidades. Por esto los invitamos a compartir aquellas propuestas que puedan llevar a cabo, que sin dudas ayudar\u00e1n a animar y encender el deseo misionero en muchos corazones.&nbsp;<\/span><\/p>\n<p style=\"text-align: justify;\"><span style=\"font-weight: 400;\">Las distintas propuestas o nuevas informaciones, podr\u00e1n ser seguidas desde las redes sociales de la comisi\u00f3n diocesana de Misiones:<\/span><span style=\"font-weight: 400;\"><br \/>\n<\/span><\/p>\n<ul style=\"text-align: justify;\">\n<li><span style=\"font-weight: 400;\">Instagram: <\/span><b>@misionreco&nbsp;<\/b><\/li>\n<li><span style=\"font-weight: 400;\">P\u00e1gina de facebook: <\/span><b>Obras Misionales Reconquista<\/b><span style=\"font-weight: 400;\">.&nbsp;<\/span><\/li>\n<\/ul>\n<p style=\"text-align: justify;\"><span style=\"font-weight: 400;\">Anhelamos que en este mes de octubre podamos unirnos como disc\u00edpulos de Jes\u00fas en la cooperaci\u00f3n espiritual, dedicando un tiempo de oraci\u00f3n especial por las misiones, renovar el fervor misionero y la certeza de que todos y cada uno somos llamados a anunciar al Dios que nos salva; porque no podemos callar lo que hemos visto y o\u00eddo.&nbsp;<\/span><\/p>\n<p style=\"text-align: justify;\">\n<p style=\"text-align: justify;\">\n","protected":false},"excerpt":{"rendered":"<div class=\"mh-excerpt\"><p>Querida comunidad diocesana:&nbsp; Como Comisi\u00f3n Diocesana de Misiones, queremos hacerles llegar algunas informaciones as\u00ed como animarlos a vivirlo en clave de misi\u00f3n. Desde el equipo <a class=\"mh-excerpt-more\" href=\"https:\/\/www.obispadorqta.org.ar\/v3\/mes-misionero-diocesano\/\" title=\"Mes Misionero Diocesano\">[&#8230;]<\/a><\/p>\n<\/div>","protected":false},"author":3,"featured_media":6979,"comment_status":"closed","ping_status":"open","sticky":false,"template":"","format":"standard","meta":{"footnotes":""},"categories":[6,28],"tags":[],"class_list":["post-6973","post","type-post","status-publish","format-standard","has-post-thumbnail","hentry","category-news","category-latest-news"],"_links":{"self":[{"href":"https:\/\/www.obispadorqta.org.ar\/v3\/wp-json\/wp\/v2\/posts\/6973","targetHints":{"allow":["GET"]}}],"collection":[{"href":"https:\/\/www.obispadorqta.org.ar\/v3\/wp-json\/wp\/v2\/posts"}],"about":[{"href":"https:\/\/www.obispadorqta.org.ar\/v3\/wp-json\/wp\/v2\/types\/post"}],"author":[{"embeddable":true,"href":"https:\/\/www.obispadorqta.org.ar\/v3\/wp-json\/wp\/v2\/users\/3"}],"replies":[{"embeddable":true,"href":"https:\/\/www.obispadorqta.org.ar\/v3\/wp-json\/wp\/v2\/comments?post=6973"}],"version-history":[{"count":3,"href":"https:\/\/www.obispadorqta.org.ar\/v3\/wp-json\/wp\/v2\/posts\/6973\/revisions"}],"predecessor-version":[{"id":6980,"href":"https:\/\/www.obispadorqta.org.ar\/v3\/wp-json\/wp\/v2\/posts\/6973\/revisions\/6980"}],"wp:featuredmedia":[{"embeddable":true,"href":"https:\/\/www.obispadorqta.org.ar\/v3\/wp-json\/wp\/v2\/media\/6979"}],"wp:attachment":[{"href":"https:\/\/www.obispadorqta.org.ar\/v3\/wp-json\/wp\/v2\/media?parent=6973"}],"wp:term":[{"taxonomy":"category","embeddable":true,"href":"https:\/\/www.obispadorqta.org.ar\/v3\/wp-json\/wp\/v2\/categories?post=6973"},{"taxonomy":"post_tag","embeddable":true,"href":"https:\/\/www.obispadorqta.org.ar\/v3\/wp-json\/wp\/v2\/tags?post=6973"}],"curies":[{"name":"wp","href":"https:\/\/api.w.org\/{rel}","templated":true}]}}