{"id":6982,"date":"2021-10-09T16:44:14","date_gmt":"2021-10-09T19:44:14","guid":{"rendered":"http:\/\/www.obispadorqta.org.ar\/v3\/?p=6982"},"modified":"2021-10-10T10:14:57","modified_gmt":"2021-10-10T13:14:57","slug":"misa-mes-aniversario-del-fallecimiento-del-p-nestor-vera","status":"publish","type":"post","link":"https:\/\/www.obispadorqta.org.ar\/v3\/misa-mes-aniversario-del-fallecimiento-del-p-nestor-vera\/","title":{"rendered":"MISA AL CUMPLIRSE EL PRIMER MES DEL FALLECIMIENTO DEL P. N\u00c9STOR VERA"},"content":{"rendered":"<p style=\"text-align: justify;\">El Obispado de Reconquista y la Asociaci\u00f3n Civil \u201cEl Buen Samaritano\u201d comunican que el pr\u00f3ximo lunes 11 de octubre se celebrar\u00e1 la misa en sufragio del Presb\u00edtero N\u00e9stor Vera, al cumplirse un mes de su Pascua.<\/p>\n<p style=\"text-align: justify;\">La celebraci\u00f3n ser\u00e1 presidida por el Pbro. Silvio Fabbro en la Casa de rehabilitaci\u00f3n para mujeres ubicada en La Alerta parroquia de La Sarita a las 17.30hs.<\/p>\n<p style=\"text-align: justify;\">A los que quieran participar les sugerimos llevar silletas.<\/p>\n","protected":false},"excerpt":{"rendered":"<div class=\"mh-excerpt\"><p>El Obispado de Reconquista y la Asociaci\u00f3n Civil \u201cEl Buen Samaritano\u201d comunican que el pr\u00f3ximo lunes 11 de octubre se celebrar\u00e1 la misa en sufragio <a class=\"mh-excerpt-more\" href=\"https:\/\/www.obispadorqta.org.ar\/v3\/misa-mes-aniversario-del-fallecimiento-del-p-nestor-vera\/\" title=\"MISA AL CUMPLIRSE EL PRIMER MES DEL FALLECIMIENTO DEL P. N\u00c9STOR VERA\">[&#8230;]<\/a><\/p>\n<\/div>","protected":false},"author":2,"featured_media":6889,"comment_status":"closed","ping_status":"open","sticky":false,"template":"","format":"standard","meta":{"footnotes":""},"categories":[6,28],"tags":[],"class_list":["post-6982","post","type-post","status-publish","format-standard","has-post-thumbnail","hentry","category-news","category-latest-news"],"_links":{"self":[{"href":"https:\/\/www.obispadorqta.org.ar\/v3\/wp-json\/wp\/v2\/posts\/6982","targetHints":{"allow":["GET"]}}],"collection":[{"href":"https:\/\/www.obispadorqta.org.ar\/v3\/wp-json\/wp\/v2\/posts"}],"about":[{"href":"https:\/\/www.obispadorqta.org.ar\/v3\/wp-json\/wp\/v2\/types\/post"}],"author":[{"embeddable":true,"href":"https:\/\/www.obispadorqta.org.ar\/v3\/wp-json\/wp\/v2\/users\/2"}],"replies":[{"embeddable":true,"href":"https:\/\/www.obispadorqta.org.ar\/v3\/wp-json\/wp\/v2\/comments?post=6982"}],"version-history":[{"count":3,"href":"https:\/\/www.obispadorqta.org.ar\/v3\/wp-json\/wp\/v2\/posts\/6982\/revisions"}],"predecessor-version":[{"id":6985,"href":"https:\/\/www.obispadorqta.org.ar\/v3\/wp-json\/wp\/v2\/posts\/6982\/revisions\/6985"}],"wp:featuredmedia":[{"embeddable":true,"href":"https:\/\/www.obispadorqta.org.ar\/v3\/wp-json\/wp\/v2\/media\/6889"}],"wp:attachment":[{"href":"https:\/\/www.obispadorqta.org.ar\/v3\/wp-json\/wp\/v2\/media?parent=6982"}],"wp:term":[{"taxonomy":"category","embeddable":true,"href":"https:\/\/www.obispadorqta.org.ar\/v3\/wp-json\/wp\/v2\/categories?post=6982"},{"taxonomy":"post_tag","embeddable":true,"href":"https:\/\/www.obispadorqta.org.ar\/v3\/wp-json\/wp\/v2\/tags?post=6982"}],"curies":[{"name":"wp","href":"https:\/\/api.w.org\/{rel}","templated":true}]}}