{"id":6987,"date":"2021-10-12T08:22:39","date_gmt":"2021-10-12T11:22:39","guid":{"rendered":"http:\/\/www.obispadorqta.org.ar\/v3\/?p=6987"},"modified":"2021-10-12T08:43:16","modified_gmt":"2021-10-12T11:43:16","slug":"6987-2","status":"publish","type":"post","link":"https:\/\/www.obispadorqta.org.ar\/v3\/6987-2\/","title":{"rendered":"INICIO DIOCESANO DEL CAMINO SINODAL"},"content":{"rendered":"<p style=\"text-align: justify;\">A nivel diocesano, el comienzo del camino sinodal est\u00e1 previsto, desde la Secretar\u00eda General del S\u00ednodo, para el domingo 17 de octubre.<\/p>\n<p style=\"text-align: justify;\">Considerando esta disposici\u00f3n de la Santa Sede, el solemne inicio del S\u00ednodo en la Iglesia Particular de Reconquista con una misa en el Oratorio dedicado a la Virgen de Itat\u00ed, que est\u00e1 a la vera de la ruta 11, en el ingreso sur de la ciudad de Reconquista, a las 8,30 de la ma\u00f1ana, presidida por el Obispo, Mons. \u00c1ngel Jos\u00e9 Mac\u00edn y transmitida por la radio y las redes sociales.<\/p>\n<p style=\"text-align: justify;\">Como la palabra \u201cs\u00ednodo\u201d significa caminar juntos, invitamos a todas las personas que quieran, especialmente de la zona urbana, a caminar hasta el Oratorio de la Virgen. Ese d\u00eda tambi\u00e9n daremos gracias por todas las madres en su d\u00eda, y honraremos a Mar\u00eda Sant\u00edsima, nuestra madre, que estuvo en Pentecost\u00e9s, el comienzo del caminar de la Iglesia, Pueblo de Dios.<br \/>\nLa invitaci\u00f3n es abierta, aunque no vinculante, para todas las parroquias.<\/p>\n<p style=\"text-align: justify;\">Cada comunidad ver\u00e1, junto a sus pastores, el modo m\u00e1s apropiado de participaci\u00f3n, peregrinando en veh\u00edculo, enviando una delegaci\u00f3n, siguiendo la celebraci\u00f3n por los medios de comunicaci\u00f3n u organizando algo en la misma comunidad, ese d\u00eda o en v\u00edsperas del mismo.<\/p>\n<p style=\"text-align: justify;\">Se sugiere llevar silletas y en caso de mal tiempo se comunicar\u00e1 donde se llevara a cabo.<\/p>\n<p style=\"text-align: justify;\">Pedimos al Esp\u00edritu Santo que renueve nuestro camino evangelizador como Iglesia Particular.<\/p>\n","protected":false},"excerpt":{"rendered":"<div class=\"mh-excerpt\"><p>A nivel diocesano, el comienzo del camino sinodal est\u00e1 previsto, desde la Secretar\u00eda General del S\u00ednodo, para el domingo 17 de octubre. Considerando esta disposici\u00f3n <a class=\"mh-excerpt-more\" href=\"https:\/\/www.obispadorqta.org.ar\/v3\/6987-2\/\" title=\"INICIO DIOCESANO DEL CAMINO SINODAL\">[&#8230;]<\/a><\/p>\n<\/div>","protected":false},"author":3,"featured_media":6988,"comment_status":"open","ping_status":"open","sticky":false,"template":"","format":"standard","meta":{"footnotes":""},"categories":[6,28],"tags":[],"class_list":["post-6987","post","type-post","status-publish","format-standard","has-post-thumbnail","hentry","category-news","category-latest-news"],"_links":{"self":[{"href":"https:\/\/www.obispadorqta.org.ar\/v3\/wp-json\/wp\/v2\/posts\/6987","targetHints":{"allow":["GET"]}}],"collection":[{"href":"https:\/\/www.obispadorqta.org.ar\/v3\/wp-json\/wp\/v2\/posts"}],"about":[{"href":"https:\/\/www.obispadorqta.org.ar\/v3\/wp-json\/wp\/v2\/types\/post"}],"author":[{"embeddable":true,"href":"https:\/\/www.obispadorqta.org.ar\/v3\/wp-json\/wp\/v2\/users\/3"}],"replies":[{"embeddable":true,"href":"https:\/\/www.obispadorqta.org.ar\/v3\/wp-json\/wp\/v2\/comments?post=6987"}],"version-history":[{"count":4,"href":"https:\/\/www.obispadorqta.org.ar\/v3\/wp-json\/wp\/v2\/posts\/6987\/revisions"}],"predecessor-version":[{"id":6992,"href":"https:\/\/www.obispadorqta.org.ar\/v3\/wp-json\/wp\/v2\/posts\/6987\/revisions\/6992"}],"wp:featuredmedia":[{"embeddable":true,"href":"https:\/\/www.obispadorqta.org.ar\/v3\/wp-json\/wp\/v2\/media\/6988"}],"wp:attachment":[{"href":"https:\/\/www.obispadorqta.org.ar\/v3\/wp-json\/wp\/v2\/media?parent=6987"}],"wp:term":[{"taxonomy":"category","embeddable":true,"href":"https:\/\/www.obispadorqta.org.ar\/v3\/wp-json\/wp\/v2\/categories?post=6987"},{"taxonomy":"post_tag","embeddable":true,"href":"https:\/\/www.obispadorqta.org.ar\/v3\/wp-json\/wp\/v2\/tags?post=6987"}],"curies":[{"name":"wp","href":"https:\/\/api.w.org\/{rel}","templated":true}]}}