{"id":7002,"date":"2021-10-14T08:30:11","date_gmt":"2021-10-14T11:30:11","guid":{"rendered":"http:\/\/www.obispadorqta.org.ar\/v3\/?p=7002"},"modified":"2021-10-14T08:30:24","modified_gmt":"2021-10-14T11:30:24","slug":"santa-teresa-nos-ensena-a-orar-con-san-jose","status":"publish","type":"post","link":"https:\/\/www.obispadorqta.org.ar\/v3\/santa-teresa-nos-ensena-a-orar-con-san-jose\/","title":{"rendered":"Santa Teresa nos ense\u00f1a a orar con San Jos\u00e9"},"content":{"rendered":"<p style=\"text-align: justify;\">Desde el Obispado de Reconquista invitamos a participar de esta iniciativa que proponen las Hermanas Carmelitas, surgida desde la experiencia propia de la vocaci\u00f3n, <em>\u00abSanta Teresa nos ense\u00f1a a orar con San Jos\u00e9\u00bb, <\/em>la misma consiste\u00a0en un momento de reflexi\u00f3n y oraci\u00f3n, en el marco de la celebraci\u00f3n de Santa Teresa de \u00c1vila.<\/p>\n<p style=\"text-align: justify;\">Se llevar\u00e1 a cabo en el Monasterio de las Hermanas Carmelitas, calle 38 n\u00b01938 de la ciudad de Reconquista, el d\u00eda s\u00e1bado 16 a las 16:30 hs.<\/p>\n","protected":false},"excerpt":{"rendered":"<div class=\"mh-excerpt\"><p>Desde el Obispado de Reconquista invitamos a participar de esta iniciativa que proponen las Hermanas Carmelitas, surgida desde la experiencia propia de la vocaci\u00f3n, \u00abSanta <a class=\"mh-excerpt-more\" href=\"https:\/\/www.obispadorqta.org.ar\/v3\/santa-teresa-nos-ensena-a-orar-con-san-jose\/\" title=\"Santa Teresa nos ense\u00f1a a orar con San Jos\u00e9\">[&#8230;]<\/a><\/p>\n<\/div>","protected":false},"author":2,"featured_media":7005,"comment_status":"closed","ping_status":"open","sticky":false,"template":"","format":"standard","meta":{"footnotes":""},"categories":[6,28],"tags":[],"class_list":["post-7002","post","type-post","status-publish","format-standard","has-post-thumbnail","hentry","category-news","category-latest-news"],"_links":{"self":[{"href":"https:\/\/www.obispadorqta.org.ar\/v3\/wp-json\/wp\/v2\/posts\/7002","targetHints":{"allow":["GET"]}}],"collection":[{"href":"https:\/\/www.obispadorqta.org.ar\/v3\/wp-json\/wp\/v2\/posts"}],"about":[{"href":"https:\/\/www.obispadorqta.org.ar\/v3\/wp-json\/wp\/v2\/types\/post"}],"author":[{"embeddable":true,"href":"https:\/\/www.obispadorqta.org.ar\/v3\/wp-json\/wp\/v2\/users\/2"}],"replies":[{"embeddable":true,"href":"https:\/\/www.obispadorqta.org.ar\/v3\/wp-json\/wp\/v2\/comments?post=7002"}],"version-history":[{"count":1,"href":"https:\/\/www.obispadorqta.org.ar\/v3\/wp-json\/wp\/v2\/posts\/7002\/revisions"}],"predecessor-version":[{"id":7004,"href":"https:\/\/www.obispadorqta.org.ar\/v3\/wp-json\/wp\/v2\/posts\/7002\/revisions\/7004"}],"wp:featuredmedia":[{"embeddable":true,"href":"https:\/\/www.obispadorqta.org.ar\/v3\/wp-json\/wp\/v2\/media\/7005"}],"wp:attachment":[{"href":"https:\/\/www.obispadorqta.org.ar\/v3\/wp-json\/wp\/v2\/media?parent=7002"}],"wp:term":[{"taxonomy":"category","embeddable":true,"href":"https:\/\/www.obispadorqta.org.ar\/v3\/wp-json\/wp\/v2\/categories?post=7002"},{"taxonomy":"post_tag","embeddable":true,"href":"https:\/\/www.obispadorqta.org.ar\/v3\/wp-json\/wp\/v2\/tags?post=7002"}],"curies":[{"name":"wp","href":"https:\/\/api.w.org\/{rel}","templated":true}]}}