{"id":7021,"date":"2021-10-19T07:57:44","date_gmt":"2021-10-19T10:57:44","guid":{"rendered":"http:\/\/www.obispadorqta.org.ar\/v3\/?p=7021"},"modified":"2021-10-19T08:06:28","modified_gmt":"2021-10-19T11:06:28","slug":"reconocimiento-a-la-mesa-de-emergencia-diocesana","status":"publish","type":"post","link":"https:\/\/www.obispadorqta.org.ar\/v3\/reconocimiento-a-la-mesa-de-emergencia-diocesana\/","title":{"rendered":"Reconocimiento a la Mesa de Emergencia Diocesana"},"content":{"rendered":"<p style=\"text-align: justify;\">En el Marco del Programa \u00abLa justicia en di\u00e1logo con la comunidad, a trav\u00e9s del arte\u00bb, El SPPDP y la Fundaci\u00f3n Arte en las F\u00e1bricas, realizar\u00e1 el descubrimiento de la Obra \u00abEL ABRAZO\u00bb del artista Alejandro Marmo, que fuera donada a la Mesa de Emergencia Diocesana de Reconquista, por la labor realizada durante la Pandemia.<\/p>\n<p style=\"text-align: justify;\">Dicha tarea fue llevada a cabo en conjunto con el SPPDP, las comisarias, las Caritas Parroquiales y Diocesana y las Parroquias. Todo ello con el \u00fanico fin de garantizar derechos y favorecer a la Paz Social.<\/p>\n<p style=\"text-align: justify;\">La obra ser\u00e1 colocada y expuesta en la Caritas de Vera, por haber sido el centro estrat\u00e9gico de la tarea.<\/p>\n","protected":false},"excerpt":{"rendered":"<div class=\"mh-excerpt\"><p>En el Marco del Programa \u00abLa justicia en di\u00e1logo con la comunidad, a trav\u00e9s del arte\u00bb, El SPPDP y la Fundaci\u00f3n Arte en las F\u00e1bricas, <a class=\"mh-excerpt-more\" href=\"https:\/\/www.obispadorqta.org.ar\/v3\/reconocimiento-a-la-mesa-de-emergencia-diocesana\/\" title=\"Reconocimiento a la Mesa de Emergencia Diocesana\">[&#8230;]<\/a><\/p>\n<\/div>","protected":false},"author":3,"featured_media":7025,"comment_status":"closed","ping_status":"open","sticky":false,"template":"","format":"standard","meta":{"footnotes":""},"categories":[6,28],"tags":[],"class_list":["post-7021","post","type-post","status-publish","format-standard","has-post-thumbnail","hentry","category-news","category-latest-news"],"_links":{"self":[{"href":"https:\/\/www.obispadorqta.org.ar\/v3\/wp-json\/wp\/v2\/posts\/7021","targetHints":{"allow":["GET"]}}],"collection":[{"href":"https:\/\/www.obispadorqta.org.ar\/v3\/wp-json\/wp\/v2\/posts"}],"about":[{"href":"https:\/\/www.obispadorqta.org.ar\/v3\/wp-json\/wp\/v2\/types\/post"}],"author":[{"embeddable":true,"href":"https:\/\/www.obispadorqta.org.ar\/v3\/wp-json\/wp\/v2\/users\/3"}],"replies":[{"embeddable":true,"href":"https:\/\/www.obispadorqta.org.ar\/v3\/wp-json\/wp\/v2\/comments?post=7021"}],"version-history":[{"count":1,"href":"https:\/\/www.obispadorqta.org.ar\/v3\/wp-json\/wp\/v2\/posts\/7021\/revisions"}],"predecessor-version":[{"id":7023,"href":"https:\/\/www.obispadorqta.org.ar\/v3\/wp-json\/wp\/v2\/posts\/7021\/revisions\/7023"}],"wp:featuredmedia":[{"embeddable":true,"href":"https:\/\/www.obispadorqta.org.ar\/v3\/wp-json\/wp\/v2\/media\/7025"}],"wp:attachment":[{"href":"https:\/\/www.obispadorqta.org.ar\/v3\/wp-json\/wp\/v2\/media?parent=7021"}],"wp:term":[{"taxonomy":"category","embeddable":true,"href":"https:\/\/www.obispadorqta.org.ar\/v3\/wp-json\/wp\/v2\/categories?post=7021"},{"taxonomy":"post_tag","embeddable":true,"href":"https:\/\/www.obispadorqta.org.ar\/v3\/wp-json\/wp\/v2\/tags?post=7021"}],"curies":[{"name":"wp","href":"https:\/\/api.w.org\/{rel}","templated":true}]}}