{"id":7026,"date":"2021-10-19T08:04:48","date_gmt":"2021-10-19T11:04:48","guid":{"rendered":"http:\/\/www.obispadorqta.org.ar\/v3\/?p=7026"},"modified":"2021-10-19T08:06:16","modified_gmt":"2021-10-19T11:06:16","slug":"algunos-nombramientos-diocesanos","status":"publish","type":"post","link":"https:\/\/www.obispadorqta.org.ar\/v3\/algunos-nombramientos-diocesanos\/","title":{"rendered":"ALGUNOS NOMBRAMIENTOS DIOCESANOS"},"content":{"rendered":"<p style=\"text-align: justify;\"><span style=\"color: #000000;\">Dado el contexto actual y considerando algunas realidades particulares, entre las cuales se cuentan la edad y salud de algunos presb\u00edteros, la regularizaci\u00f3n de ciertas situaciones, dos inminentes ordenaciones al presbiterado y diaconado, respectivamente, y el comienzo del camino sinodal, se realizaron algunos nombramientos circunstanciales en lo referente a la atenci\u00f3n pastoral de la Di\u00f3cesis de Reconquista.<\/span><\/p>\n<p style=\"text-align: justify;\"><span style=\"color: #000000;\">Despu\u00e9s de dialogar con Consejo de Presbiterio, las decisiones tomadas por el Obispo Diocesano, Mons. \u00c1ngel Jos\u00e9 Mac\u00edn, son las siguientes:<\/span><\/p>\n<p style=\"text-align: justify;\"><span style=\"color: #000000;\">P. Efr\u00e9n Mario Agretti, por razones de salud, seguir\u00e1 residiendo en la Pquia. \u00abNtra. Sra. de la Merced\u00bb de Avellaneda, y ser\u00e1 nombrado \u201cColaborador Pastoral\u201d en esa Jurisdicci\u00f3n.<\/span><\/p>\n<p style=\"text-align: justify;\"><span style=\"color: #000000;\">El P. Silvio Orlando Fabbro se desempe\u00f1ar\u00e1 como \u201cDelegado Episcopal y Moderador Pastoral\u201d de la Parroquia \u201cLa Encarnaci\u00f3n del Se\u00f1or\u201d de La Sarita, fijando su residencia en ese lugar, hasta el nombramiento del nuevo p\u00e1rroco. Junto a este oficio, continuar\u00e1 como Vicario General de la Di\u00f3cesis y con la asistencia espiritual de \u201cEl Buen Samaritano\u201d.<\/span><\/p>\n<p style=\"text-align: justify;\"><span style=\"color: #000000;\">El P. Juan Jos\u00e9 Delarossa pasar\u00e1 de ser Administrador Parroquial a ser P\u00e1rroco de la Parroquia Mar\u00eda, Madre de Dios, de Reconquista.<\/span><\/p>\n<p style=\"text-align: justify;\"><span style=\"color: #000000;\">El P. Jorge Juli\u00e1n Gallard ha sido nombrado Delegado Titular, y a la Sra. Mar\u00eda Susana Tschannen, Delegada Suplente, para la Animaci\u00f3n del S\u00ednodo 2021-2023 en todo el territorio diocesano.<\/span><\/p>\n<p style=\"text-align: justify;\"><span style=\"color: #000000;\">Con esp\u00edritu de comuni\u00f3n y corresponsabilidad, de escucha y discernimiento, seguimos caminando como Pueblo de Dios Peregrino.<\/span><\/p>\n<p style=\"text-align: justify;\"><span style=\"color: #000000;\">Sede Episcopal de Reconquista, 19 de octubre de 2021.<\/span><\/p>\n","protected":false},"excerpt":{"rendered":"<div class=\"mh-excerpt\"><p>Dado el contexto actual y considerando algunas realidades particulares, entre las cuales se cuentan la edad y salud de algunos presb\u00edteros, la regularizaci\u00f3n de ciertas <a class=\"mh-excerpt-more\" href=\"https:\/\/www.obispadorqta.org.ar\/v3\/algunos-nombramientos-diocesanos\/\" title=\"ALGUNOS NOMBRAMIENTOS DIOCESANOS\">[&#8230;]<\/a><\/p>\n<\/div>","protected":false},"author":3,"featured_media":5146,"comment_status":"closed","ping_status":"open","sticky":false,"template":"","format":"standard","meta":{"footnotes":""},"categories":[6,28],"tags":[],"class_list":["post-7026","post","type-post","status-publish","format-standard","has-post-thumbnail","hentry","category-news","category-latest-news"],"_links":{"self":[{"href":"https:\/\/www.obispadorqta.org.ar\/v3\/wp-json\/wp\/v2\/posts\/7026","targetHints":{"allow":["GET"]}}],"collection":[{"href":"https:\/\/www.obispadorqta.org.ar\/v3\/wp-json\/wp\/v2\/posts"}],"about":[{"href":"https:\/\/www.obispadorqta.org.ar\/v3\/wp-json\/wp\/v2\/types\/post"}],"author":[{"embeddable":true,"href":"https:\/\/www.obispadorqta.org.ar\/v3\/wp-json\/wp\/v2\/users\/3"}],"replies":[{"embeddable":true,"href":"https:\/\/www.obispadorqta.org.ar\/v3\/wp-json\/wp\/v2\/comments?post=7026"}],"version-history":[{"count":1,"href":"https:\/\/www.obispadorqta.org.ar\/v3\/wp-json\/wp\/v2\/posts\/7026\/revisions"}],"predecessor-version":[{"id":7027,"href":"https:\/\/www.obispadorqta.org.ar\/v3\/wp-json\/wp\/v2\/posts\/7026\/revisions\/7027"}],"wp:featuredmedia":[{"embeddable":true,"href":"https:\/\/www.obispadorqta.org.ar\/v3\/wp-json\/wp\/v2\/media\/5146"}],"wp:attachment":[{"href":"https:\/\/www.obispadorqta.org.ar\/v3\/wp-json\/wp\/v2\/media?parent=7026"}],"wp:term":[{"taxonomy":"category","embeddable":true,"href":"https:\/\/www.obispadorqta.org.ar\/v3\/wp-json\/wp\/v2\/categories?post=7026"},{"taxonomy":"post_tag","embeddable":true,"href":"https:\/\/www.obispadorqta.org.ar\/v3\/wp-json\/wp\/v2\/tags?post=7026"}],"curies":[{"name":"wp","href":"https:\/\/api.w.org\/{rel}","templated":true}]}}