{"id":7029,"date":"2021-10-21T10:42:29","date_gmt":"2021-10-21T13:42:29","guid":{"rendered":"http:\/\/www.obispadorqta.org.ar\/v3\/?p=7029"},"modified":"2021-10-21T10:42:29","modified_gmt":"2021-10-21T13:42:29","slug":"misa-inicio-sinodo-algunos-testimonios","status":"publish","type":"post","link":"https:\/\/www.obispadorqta.org.ar\/v3\/misa-inicio-sinodo-algunos-testimonios\/","title":{"rendered":"Misa Inicio S\u00ednodo: Algunos Testimonios."},"content":{"rendered":"<p><i>A continuaci\u00f3n damos a conocer los testimonios que se compartieron en la Misa de inicio del camino sinodal.<\/i><\/p>\n<p><strong>T<span style=\"color: #000000;\">estimonio de la Hna. Guadalupe de la Eucarist\u00eda<\/span><\/strong><br \/>\n<span style=\"color: #000000;\"><strong>Carmelita Descalza &#8211; Monasterio San Jos\u00e9 &#8211; Reconquista.<\/strong><\/span><\/p>\n<p style=\"text-align: justify;\"><span style=\"color: #000000;\">Como comunidad contemplativa de la Di\u00f3cesis, las carmelitas queremos hacer con nuestra familia diocesana este camino sinodal que antes que nada es \u201cun proceso espiritual\u201d que requiere escuchar al Esp\u00edritu Santo, as\u00ed como escucharse el uno al otro\u201d.<\/span><\/p>\n<p style=\"text-align: justify;\"><span style=\"color: #000000;\">Tanto el<strong> silencio<\/strong> como la oraci\u00f3n son espacios privilegiados para escuchar\u2026Sencillamente les quiero compartir d\u00f3nde se apoya nuestra escucha de Dios.<\/span><\/p>\n<p style=\"text-align: justify;\"><span style=\"color: #000000;\">La primera exigencia de la escucha es el silencio. Acallar todo lo que bulle dentro de m\u00ed, para acoger con nitidez la Palabra de Dios, la palabra del hermano, el mensaje de la creaci\u00f3n, el mensaje de nuestro propio cuerpo. Hacer silencio no es f\u00e1cil, es un camino arduo, pero hay que hacerlo si o s\u00ed. Cuando recibo un mensaje no tengo que estar pensando en mi respuesta, tengo que acoger, simplemente acoger y dejar reposar en mi interior\u2026<\/span><\/p>\n<p style=\"text-align: justify;\"><span style=\"color: #000000;\"><strong>En primer lugar. Escuchar a Dios.<\/strong> Escuchar su Palabra. Leerla pausadamente. Sobre todo, leer mucho el Evangelio, nunca ante ning\u00fan texto decir.:\u201d esto ya lo s\u00e9\u201d. Nunca terminamos de aprender y de hacer carne en nuestra carne el Evangelio. En comunidad siempre decimos que a\u00fan no aprendimos a vivir el Evangelio.<\/span><\/p>\n<p style=\"text-align: justify;\"><span style=\"color: #000000;\">Dios Padre nos dice: Este es mi Hijo Amado, esc\u00fachenlo.<\/span><\/p>\n<p style=\"text-align: justify;\"><span style=\"color: #000000;\">Y Mar\u00eda Virgen nos dicen: Hagan todo lo que el les diga.<\/span><\/p>\n<p style=\"text-align: justify;\"><span style=\"color: #000000;\">Y si somos hijos de Dios lo primero que tendr\u00eda que resonar en nuestro interior el dolor del Se\u00f1or que nos dice: <\/span><span style=\"color: #000000;\">\u00bfpor qu\u00e9 no te dueles de m\u00ed?\u201d Escuchar el grito de Dios en el mundo porque la humanidad entera gime con dolores de parto.<\/span><\/p>\n<p style=\"text-align: justify;\"><span style=\"color: #000000;\">Tambi\u00e9n Santa Teresa nos dice que desde nuestro silencio miremos que el mundo est\u00e1 ardiendo y entonces no tenemos que perder el tiempo en nuestra oraci\u00f3n pidiendo cosas sin importancia.<\/span><\/p>\n<p style=\"text-align: justify;\"><span style=\"color: #000000;\">El silencio ante la Palabra de Dios har\u00e1 que nuestro coraz\u00f3n se llene de su Presencia y nos har\u00e1 crecer en intimidad con El\u2026y a transformarnos.<\/span><\/p>\n<p style=\"text-align: justify;\"><strong><span style=\"color: #000000;\">Escuchar al hermano, a la hermana <\/span><\/strong><br \/>\n<span style=\"color: #000000;\">Todo hermano o hermana es tierra Sagrada de Dios. Acogerlo con amor, mirarlo a los ojos cuando habla, leer el mensaje de sus gestos, que cada palabra pronunciada me llegue al coraz\u00f3n. Nunca prejuzgar, ni escandalizarnos, al contrario, hacer todo lo posible por recuperar al hermano, a la hermana\u2026 siempre dar amor, comprensi\u00f3n, cercan\u00eda, calor de fraternidad. Que nunca nadie se retire de nuestro lado sin haber experimentado a un Dios cercano. San Juan de la Cruz nos ense\u00f1a que en todo ser humano, a\u00fan en el m\u00e1s pecador, est\u00e1 la Presencia de Dios. Si El se retirara de nosotros dejar\u00edamos de existir.<\/span><\/p>\n<p style=\"text-align: justify;\"><span style=\"color: #000000;\">Tambi\u00e9n aprendemos de Santa Teresa que El silencio ante nuestros hermanos har\u00e1 crecer en nosotros el verdadero amor a Dios y a los dem\u00e1s.<\/span><br \/>\n<span style=\"color: #000000;\">\u00bfQu\u00e9 es f\u00e1cil esto? No, no lo es, pero es posible con la ayuda del Se\u00f1or. Que \u00c9l sea en nosotros.<\/span><\/p>\n<p style=\"text-align: justify;\"><strong><span style=\"color: #000000;\">Escuchar la creaci\u00f3n<\/span><\/strong><br \/>\n<span style=\"color: #000000;\">Escuchar lo que nos rodea, tantas cosas hermosas que nos unen al Creador y saber contemplar y descubrir la presencia de un Dios Padre que nos ama y que por puro amor nos regal\u00f3 todo. Para este escuchar no tenemos que ir de prisa, sino, ir despacio, y este escuchar nos renueva el interior\u2026Y aqu\u00ed, siguiendo a San Juan de la Cruz podemos decir que nuestro silencio ante la creaci\u00f3n suscitar\u00e1 en nosotros la verdadera alabanza a Aquel que con s\u00f3lo mirar todas las cosas las dej\u00f3 vestidas de su hermosura.<\/span><\/p>\n<p style=\"text-align: justify;\"><strong><span style=\"color: #000000;\">Escuchar nuestro cuerpo<\/span><\/strong><br \/>\n<span style=\"color: #000000;\">Saber con humildad pedir ayuda cuando estamos cansados, cuando no encontramos sentido a nuestra vida, a nuestra fe, hablar \u201ccon valent\u00eda\u201d tambi\u00e9n de lo que me pasa a m\u00ed. No somos h\u00e9roes. Todos somos limitados. Muchas veces sucumbimos porque no nos escuchamos a nosotros mismos y porque no nos abrimos a los dem\u00e1s. Pero unidos en una sencilla y profunda fraternidad podremos hacer un mundo m\u00e1s humano, una Iglesia m\u00e1s m\u00edstica pero precisamente por eso m\u00e1s abierta a la realidad. La experiencia m\u00edstica genera empat\u00eda con el sufrimiento de Dios en el mundo. El silencio ante nosotros mismos nos har\u00e1 conocer el hond\u00f3n de nuestro ser habitado por el amor y la misericordia de Dios.<\/span><\/p>\n<p style=\"text-align: justify;\"><span style=\"color: #000000;\">Creo que una espiritualidad sinodal es, por tanto, dialogante, que surge del silencio profundo y hace que las palabras y los gestos no sean huecos\u2026vac\u00edos.<\/span><\/p>\n<p style=\"text-align: justify;\"><span style=\"color: #000000;\">Una espiritualidad sinodal es compartida, relacionada, donde nadie est\u00e1 por encima de nadie y la \u00fanica autoridad es servicio a los m\u00e1s humildes desde el lugar m\u00e1s bajo que es el m\u00e1s universal.<\/span><\/p>\n<p style=\"text-align: justify;\"><span style=\"color: #000000;\">El silencio nos llevar\u00e1 a escuchar toda la realidad con el coraz\u00f3n de Dios, verlo todo con sus ojos de amor y de misericordia. Mirando la realidad amorosamente la hacemos entrar en Dios, la hacemos permeable para Dios o le devolvemos su original transparencia, ya que todo nos habla del Creador.<\/span><\/p>\n<p style=\"text-align: justify;\"><span style=\"color: #000000;\">Este escuchar implica una determinada forma de hacer comunidad, de estar en comunidad. En el fondo no es otra cosa que la vida teologal: existir creyendo, esperando y amando.<\/span><\/p>\n<p style=\"text-align: justify;\"><span style=\"color: #000000;\">Entonces, tal vez tengamos que insistir m\u00e1s en c\u00f3mo podemos dialogar, conversar, discernir juntos, para posiblemente llegar a esta armon\u00eda\u201d.<\/span><\/p>\n<p style=\"text-align: justify;\"><span style=\"color: #000000;\">Por \u00faltimo, con mis hermanas de comunidad, queremos ponernos al servicio de la di\u00f3cesis para escucharlos hermanos y hermanas\u2026y tambi\u00e9n para ayudarlos en este camino de silencio interior. No tienen m\u00e1s que llamar a la puerta de nuestro monasterio\u2026 estaremos contentas y felices de acogerlos\u2026<\/span><\/p>\n<p style=\"text-align: justify;\"><span style=\"color: #000000;\">Que nuestras vidas, en este camino sinodal, sigan siendo sostenidas por la savia del Esp\u00edritu de Dios.<\/span><\/p>\n<hr \/>\n<p><strong>TESTIMONIO DEL MATRIMONIO ELSA CORREA Y DIMA ALCARAZ del Barrio Itat\u00ed de Reconquista.<\/strong><\/p>\n<p style=\"text-align: justify;\">Nosotros trabajamos durante mucho tiempo en diferentes actividades, dentro de la capilla y fuera de ella, en nuestro barrio. Hac\u00edamos visitas casa por casa, adem\u00e1s ten\u00edamos un comedor comunitario los s\u00e1bados y los domingos; pertenec\u00edamos al equipo de Evangelizaci\u00f3n, a las Comunidades de Base, Grupo de Encuentros b\u00edblicos, siempre con nuestro barrio, otros barrios de Reconquista y zonas cercanas.<\/p>\n<p style=\"text-align: justify;\">Nosotros comenzamos a caminar en esto a trav\u00e9s de una invitaci\u00f3n que nos lleg\u00f3 por medio de una persona que conformaba el equipo de Evangelizaci\u00f3n para los criollos (as\u00ed lo llamaban en ese momento) y consist\u00eda en llevar la Palabra de Dios a las zonas m\u00e1s alejadas de la zona urbana; as\u00ed comenzamos a prepararnos y capacitarnos, ten\u00edamos algo de miedo al principio pero siempre estuvimos acompa\u00f1ados por los sacerdotes y las personas que trabajaban en Incupo, aprendimos a escuchar a Dios y a escuchar a la gente.<\/p>\n<p style=\"text-align: justify;\">Un verdadero encuentro nace del escuchar las diferentes realidades, escuchar no es hacerlo con la oreja, sino con el coraz\u00f3n y en libertad.<\/p>\n<p style=\"text-align: justify;\">Con el pasar del tiempo nos dimos cuenta que ya no \u00e9ramos los mismos, no solo ayudamos a los dem\u00e1s sino que nos ayudamos. Porque aprendimos a<br \/>\nescucharnos como pareja y a escuchar a nuestros hijos.<\/p>\n<p style=\"text-align: justify;\">Descubrimos que no solo socialmente \u00e9ramos pobres, sino tambi\u00e9n espiritualmente. Aprender a sentir que sin Dios no somos nada y que importante es El en nuestras vidas, es lo m\u00e1s bello que un ser humano puede sentir.<\/p>\n<p style=\"text-align: justify;\">El encontrarse con uno mismo, con el otro, te da la fuerza necesaria para seguir y transmitir que se puede salir y que hay esperanza. Que Dios nunca nos deja solo siempre nos acompa\u00f1a.<\/p>\n<p style=\"text-align: justify;\">La formaci\u00f3n espiritual era personal y grupal. Los cursos que recib\u00edamos eran tambi\u00e9n algunos de formaci\u00f3n laboral (huerta, panificaci\u00f3n, alpargater\u00eda)<\/p>\n<p>Se ayudaba a que la gente lo conozca a Dios pero a la vez pueda encontrar<br \/>\nsoluci\u00f3n a los problemas que ten\u00eda. Con ellos se formaron varios comedores<br \/>\ncomunitarios, cooperativas, mate cocido y huertas comunitarias, carreros).<\/p>\n","protected":false},"excerpt":{"rendered":"<div class=\"mh-excerpt\"><p>A continuaci\u00f3n damos a conocer los testimonios que se compartieron en la Misa de inicio del camino sinodal. Testimonio de la Hna. Guadalupe de la <a class=\"mh-excerpt-more\" href=\"https:\/\/www.obispadorqta.org.ar\/v3\/misa-inicio-sinodo-algunos-testimonios\/\" title=\"Misa Inicio S\u00ednodo: Algunos Testimonios.\">[&#8230;]<\/a><\/p>\n<\/div>","protected":false},"author":3,"featured_media":7014,"comment_status":"open","ping_status":"open","sticky":false,"template":"","format":"standard","meta":{"footnotes":""},"categories":[6,28],"tags":[],"class_list":["post-7029","post","type-post","status-publish","format-standard","has-post-thumbnail","hentry","category-news","category-latest-news"],"_links":{"self":[{"href":"https:\/\/www.obispadorqta.org.ar\/v3\/wp-json\/wp\/v2\/posts\/7029","targetHints":{"allow":["GET"]}}],"collection":[{"href":"https:\/\/www.obispadorqta.org.ar\/v3\/wp-json\/wp\/v2\/posts"}],"about":[{"href":"https:\/\/www.obispadorqta.org.ar\/v3\/wp-json\/wp\/v2\/types\/post"}],"author":[{"embeddable":true,"href":"https:\/\/www.obispadorqta.org.ar\/v3\/wp-json\/wp\/v2\/users\/3"}],"replies":[{"embeddable":true,"href":"https:\/\/www.obispadorqta.org.ar\/v3\/wp-json\/wp\/v2\/comments?post=7029"}],"version-history":[{"count":1,"href":"https:\/\/www.obispadorqta.org.ar\/v3\/wp-json\/wp\/v2\/posts\/7029\/revisions"}],"predecessor-version":[{"id":7030,"href":"https:\/\/www.obispadorqta.org.ar\/v3\/wp-json\/wp\/v2\/posts\/7029\/revisions\/7030"}],"wp:featuredmedia":[{"embeddable":true,"href":"https:\/\/www.obispadorqta.org.ar\/v3\/wp-json\/wp\/v2\/media\/7014"}],"wp:attachment":[{"href":"https:\/\/www.obispadorqta.org.ar\/v3\/wp-json\/wp\/v2\/media?parent=7029"}],"wp:term":[{"taxonomy":"category","embeddable":true,"href":"https:\/\/www.obispadorqta.org.ar\/v3\/wp-json\/wp\/v2\/categories?post=7029"},{"taxonomy":"post_tag","embeddable":true,"href":"https:\/\/www.obispadorqta.org.ar\/v3\/wp-json\/wp\/v2\/tags?post=7029"}],"curies":[{"name":"wp","href":"https:\/\/api.w.org\/{rel}","templated":true}]}}