{"id":7032,"date":"2021-10-22T09:35:21","date_gmt":"2021-10-22T12:35:21","guid":{"rendered":"http:\/\/www.obispadorqta.org.ar\/v3\/?p=7032"},"modified":"2021-10-22T09:35:35","modified_gmt":"2021-10-22T12:35:35","slug":"delegado-episcopal-y-moderador-pastoral","status":"publish","type":"post","link":"https:\/\/www.obispadorqta.org.ar\/v3\/delegado-episcopal-y-moderador-pastoral\/","title":{"rendered":"Delegado Episcopal y Moderador Pastoral"},"content":{"rendered":"<p style=\"text-align: justify;\">Tal como fuera anunciado recientemente, este s\u00e1bado 23 de octubre a las 20 hs., en la celebraci\u00f3n de la Santa Misa presidida por el obispo diocesano Mons. Dr. \u00c1ngel Jos\u00e9 Mac\u00edn, Mons. Silvio Orlando Fabbro, asumir\u00e1 como \u201cDelegado Episcopal y Moderador Pastoral\u201d de la Parroquia \u201cLa Encarnaci\u00f3n del Se\u00f1or\u201d de La Sarita.<\/p>\n<p style=\"text-align: justify;\">Asimismo, Mons. Silvio Orlando Fabbro, continuar\u00e1 como Vicario General de la Di\u00f3cesis y con la asistencia espiritual de \u201cEl Buen Samaritano\u201d.<\/p>\n<p style=\"text-align: justify;\">Invitamos a todos a participar de esta celebraci\u00f3n, a orar por el ministerio de Mons. Silvio Fabbro en esta nueva tarea y por la comunidad parroquial.<\/p>\n","protected":false},"excerpt":{"rendered":"<div class=\"mh-excerpt\"><p>Tal como fuera anunciado recientemente, este s\u00e1bado 23 de octubre a las 20 hs., en la celebraci\u00f3n de la Santa Misa presidida por el obispo <a class=\"mh-excerpt-more\" href=\"https:\/\/www.obispadorqta.org.ar\/v3\/delegado-episcopal-y-moderador-pastoral\/\" title=\"Delegado Episcopal y Moderador Pastoral\">[&#8230;]<\/a><\/p>\n<\/div>","protected":false},"author":2,"featured_media":3733,"comment_status":"closed","ping_status":"open","sticky":false,"template":"","format":"standard","meta":{"footnotes":""},"categories":[6,28],"tags":[],"class_list":["post-7032","post","type-post","status-publish","format-standard","has-post-thumbnail","hentry","category-news","category-latest-news"],"_links":{"self":[{"href":"https:\/\/www.obispadorqta.org.ar\/v3\/wp-json\/wp\/v2\/posts\/7032","targetHints":{"allow":["GET"]}}],"collection":[{"href":"https:\/\/www.obispadorqta.org.ar\/v3\/wp-json\/wp\/v2\/posts"}],"about":[{"href":"https:\/\/www.obispadorqta.org.ar\/v3\/wp-json\/wp\/v2\/types\/post"}],"author":[{"embeddable":true,"href":"https:\/\/www.obispadorqta.org.ar\/v3\/wp-json\/wp\/v2\/users\/2"}],"replies":[{"embeddable":true,"href":"https:\/\/www.obispadorqta.org.ar\/v3\/wp-json\/wp\/v2\/comments?post=7032"}],"version-history":[{"count":1,"href":"https:\/\/www.obispadorqta.org.ar\/v3\/wp-json\/wp\/v2\/posts\/7032\/revisions"}],"predecessor-version":[{"id":7033,"href":"https:\/\/www.obispadorqta.org.ar\/v3\/wp-json\/wp\/v2\/posts\/7032\/revisions\/7033"}],"wp:featuredmedia":[{"embeddable":true,"href":"https:\/\/www.obispadorqta.org.ar\/v3\/wp-json\/wp\/v2\/media\/3733"}],"wp:attachment":[{"href":"https:\/\/www.obispadorqta.org.ar\/v3\/wp-json\/wp\/v2\/media?parent=7032"}],"wp:term":[{"taxonomy":"category","embeddable":true,"href":"https:\/\/www.obispadorqta.org.ar\/v3\/wp-json\/wp\/v2\/categories?post=7032"},{"taxonomy":"post_tag","embeddable":true,"href":"https:\/\/www.obispadorqta.org.ar\/v3\/wp-json\/wp\/v2\/tags?post=7032"}],"curies":[{"name":"wp","href":"https:\/\/api.w.org\/{rel}","templated":true}]}}