{"id":7034,"date":"2021-10-22T11:08:26","date_gmt":"2021-10-22T14:08:26","guid":{"rendered":"http:\/\/www.obispadorqta.org.ar\/v3\/?p=7034"},"modified":"2021-10-22T11:08:39","modified_gmt":"2021-10-22T14:08:39","slug":"encuentro-regional-de-diaconos-permanentes","status":"publish","type":"post","link":"https:\/\/www.obispadorqta.org.ar\/v3\/encuentro-regional-de-diaconos-permanentes\/","title":{"rendered":"Encuentro Regional de Di\u00e1conos Permanentes"},"content":{"rendered":"<p style=\"text-align: justify;\">El pr\u00f3ximo s\u00e1bado 23 de octubre, bajo el lema \u00abSan Jos\u00e9, var\u00f3n justo en servicio del plan de salvaci\u00f3n\u00bb se llevar\u00e1 a cabo el XV Encuentro de Di\u00e1conos Permanentes de la regi\u00f3n NEA. El mismo ser\u00e1 en modalidad virtual, de 9 a 11:30 horas.<\/p>\n<p style=\"text-align: justify;\">El encuentro se centrar\u00e1 en la imagen de San Jos\u00e9, esposo y servidor discreto.<\/p>\n<p style=\"text-align: justify;\">Encomendamos a San Jos\u00e9, los frutos de este encuentro y pedimos por el ministerio de todos los Di\u00e1conos \u00b4permanentes.<\/p>\n","protected":false},"excerpt":{"rendered":"<div class=\"mh-excerpt\"><p>El pr\u00f3ximo s\u00e1bado 23 de octubre, bajo el lema \u00abSan Jos\u00e9, var\u00f3n justo en servicio del plan de salvaci\u00f3n\u00bb se llevar\u00e1 a cabo el XV <a class=\"mh-excerpt-more\" href=\"https:\/\/www.obispadorqta.org.ar\/v3\/encuentro-regional-de-diaconos-permanentes\/\" title=\"Encuentro Regional de Di\u00e1conos Permanentes\">[&#8230;]<\/a><\/p>\n<\/div>","protected":false},"author":2,"featured_media":7037,"comment_status":"closed","ping_status":"open","sticky":false,"template":"","format":"standard","meta":{"footnotes":""},"categories":[6,28],"tags":[],"class_list":["post-7034","post","type-post","status-publish","format-standard","has-post-thumbnail","hentry","category-news","category-latest-news"],"_links":{"self":[{"href":"https:\/\/www.obispadorqta.org.ar\/v3\/wp-json\/wp\/v2\/posts\/7034","targetHints":{"allow":["GET"]}}],"collection":[{"href":"https:\/\/www.obispadorqta.org.ar\/v3\/wp-json\/wp\/v2\/posts"}],"about":[{"href":"https:\/\/www.obispadorqta.org.ar\/v3\/wp-json\/wp\/v2\/types\/post"}],"author":[{"embeddable":true,"href":"https:\/\/www.obispadorqta.org.ar\/v3\/wp-json\/wp\/v2\/users\/2"}],"replies":[{"embeddable":true,"href":"https:\/\/www.obispadorqta.org.ar\/v3\/wp-json\/wp\/v2\/comments?post=7034"}],"version-history":[{"count":1,"href":"https:\/\/www.obispadorqta.org.ar\/v3\/wp-json\/wp\/v2\/posts\/7034\/revisions"}],"predecessor-version":[{"id":7036,"href":"https:\/\/www.obispadorqta.org.ar\/v3\/wp-json\/wp\/v2\/posts\/7034\/revisions\/7036"}],"wp:featuredmedia":[{"embeddable":true,"href":"https:\/\/www.obispadorqta.org.ar\/v3\/wp-json\/wp\/v2\/media\/7037"}],"wp:attachment":[{"href":"https:\/\/www.obispadorqta.org.ar\/v3\/wp-json\/wp\/v2\/media?parent=7034"}],"wp:term":[{"taxonomy":"category","embeddable":true,"href":"https:\/\/www.obispadorqta.org.ar\/v3\/wp-json\/wp\/v2\/categories?post=7034"},{"taxonomy":"post_tag","embeddable":true,"href":"https:\/\/www.obispadorqta.org.ar\/v3\/wp-json\/wp\/v2\/tags?post=7034"}],"curies":[{"name":"wp","href":"https:\/\/api.w.org\/{rel}","templated":true}]}}