{"id":7039,"date":"2021-11-17T10:18:46","date_gmt":"2021-11-17T13:18:46","guid":{"rendered":"http:\/\/www.obispadorqta.org.ar\/v3\/?p=7039"},"modified":"2021-11-17T10:19:13","modified_gmt":"2021-11-17T13:19:13","slug":"mes-de-maria-parroquia-inmaculada-concepcion","status":"publish","type":"post","link":"https:\/\/www.obispadorqta.org.ar\/v3\/mes-de-maria-parroquia-inmaculada-concepcion\/","title":{"rendered":"MES DE MAR\u00cdA, PARROQUIA \u00abINMACULADA CONCEPCI\u00d3N\u00bb"},"content":{"rendered":"<p style=\"text-align: center;\"><em><strong>\u00abMar\u00eda se hace casa, en medio de nuestras casas\u00bb<\/strong><\/em><\/p>\n<p style=\"text-align: justify;\">En este a\u00f1o tan particular marcado por la pandemia, la Iglesia Catedral de Reconquista invita a participar de las diversas actividades preparadas para este Mes de Mar\u00eda que comenz\u00f3 el lunes 15 de noviembre y continuara hasta el mi\u00e9rcoles 8 de diciembre.<img loading=\"lazy\" decoding=\"async\" class=\"wp-image-7041 aligncenter\" src=\"https:\/\/www.obispadorqta.org.ar\/v3\/wp-content\/uploads\/2021\/11\/WhatsApp-Image-2021-11-16-at-16.33.55.jpeg\" alt=\"\" width=\"438\" height=\"620\" srcset=\"https:\/\/www.obispadorqta.org.ar\/v3\/wp-content\/uploads\/2021\/11\/WhatsApp-Image-2021-11-16-at-16.33.55.jpeg 1131w, https:\/\/www.obispadorqta.org.ar\/v3\/wp-content\/uploads\/2021\/11\/WhatsApp-Image-2021-11-16-at-16.33.55-212x300.jpeg 212w, https:\/\/www.obispadorqta.org.ar\/v3\/wp-content\/uploads\/2021\/11\/WhatsApp-Image-2021-11-16-at-16.33.55-724x1024.jpeg 724w, https:\/\/www.obispadorqta.org.ar\/v3\/wp-content\/uploads\/2021\/11\/WhatsApp-Image-2021-11-16-at-16.33.55-768x1086.jpeg 768w, https:\/\/www.obispadorqta.org.ar\/v3\/wp-content\/uploads\/2021\/11\/WhatsApp-Image-2021-11-16-at-16.33.55-1086x1536.jpeg 1086w\" sizes=\"auto, (max-width: 438px) 100vw, 438px\" \/><\/p>\n<p><img loading=\"lazy\" decoding=\"async\" class=\"aligncenter  wp-image-7044\" src=\"https:\/\/www.obispadorqta.org.ar\/v3\/wp-content\/uploads\/2021\/11\/WhatsApp-Image-2021-11-16-at-16.33.56.jpeg\" alt=\"\" width=\"415\" height=\"585\" srcset=\"https:\/\/www.obispadorqta.org.ar\/v3\/wp-content\/uploads\/2021\/11\/WhatsApp-Image-2021-11-16-at-16.33.56.jpeg 1135w, https:\/\/www.obispadorqta.org.ar\/v3\/wp-content\/uploads\/2021\/11\/WhatsApp-Image-2021-11-16-at-16.33.56-213x300.jpeg 213w, https:\/\/www.obispadorqta.org.ar\/v3\/wp-content\/uploads\/2021\/11\/WhatsApp-Image-2021-11-16-at-16.33.56-726x1024.jpeg 726w, https:\/\/www.obispadorqta.org.ar\/v3\/wp-content\/uploads\/2021\/11\/WhatsApp-Image-2021-11-16-at-16.33.56-768x1083.jpeg 768w, https:\/\/www.obispadorqta.org.ar\/v3\/wp-content\/uploads\/2021\/11\/WhatsApp-Image-2021-11-16-at-16.33.56-1090x1536.jpeg 1090w\" sizes=\"auto, (max-width: 415px) 100vw, 415px\" \/><!--more--><img loading=\"lazy\" decoding=\"async\" class=\"aligncenter  wp-image-7043\" src=\"https:\/\/www.obispadorqta.org.ar\/v3\/wp-content\/uploads\/2021\/11\/WhatsApp-Image-2021-11-16-at-16.33.56-2.jpeg\" alt=\"\" width=\"397\" height=\"556\" srcset=\"https:\/\/www.obispadorqta.org.ar\/v3\/wp-content\/uploads\/2021\/11\/WhatsApp-Image-2021-11-16-at-16.33.56-2.jpeg 913w, https:\/\/www.obispadorqta.org.ar\/v3\/wp-content\/uploads\/2021\/11\/WhatsApp-Image-2021-11-16-at-16.33.56-2-214x300.jpeg 214w, https:\/\/www.obispadorqta.org.ar\/v3\/wp-content\/uploads\/2021\/11\/WhatsApp-Image-2021-11-16-at-16.33.56-2-730x1024.jpeg 730w, https:\/\/www.obispadorqta.org.ar\/v3\/wp-content\/uploads\/2021\/11\/WhatsApp-Image-2021-11-16-at-16.33.56-2-768x1077.jpeg 768w\" sizes=\"auto, (max-width: 397px) 100vw, 397px\" \/><\/p>\n<p><img loading=\"lazy\" decoding=\"async\" class=\"aligncenter  wp-image-7042\" src=\"https:\/\/www.obispadorqta.org.ar\/v3\/wp-content\/uploads\/2021\/11\/WhatsApp-Image-2021-11-16-at-16.33.56-1.jpeg\" alt=\"\" width=\"496\" height=\"694\" srcset=\"https:\/\/www.obispadorqta.org.ar\/v3\/wp-content\/uploads\/2021\/11\/WhatsApp-Image-2021-11-16-at-16.33.56-1.jpeg 914w, https:\/\/www.obispadorqta.org.ar\/v3\/wp-content\/uploads\/2021\/11\/WhatsApp-Image-2021-11-16-at-16.33.56-1-214x300.jpeg 214w, https:\/\/www.obispadorqta.org.ar\/v3\/wp-content\/uploads\/2021\/11\/WhatsApp-Image-2021-11-16-at-16.33.56-1-731x1024.jpeg 731w, https:\/\/www.obispadorqta.org.ar\/v3\/wp-content\/uploads\/2021\/11\/WhatsApp-Image-2021-11-16-at-16.33.56-1-768x1076.jpeg 768w\" sizes=\"auto, (max-width: 496px) 100vw, 496px\" \/><\/p>\n\n\n<p><\/p>\n","protected":false},"excerpt":{"rendered":"<div class=\"mh-excerpt\"><p>\u00abMar\u00eda se hace casa, en medio de nuestras casas\u00bb En este a\u00f1o tan particular marcado por la pandemia, la Iglesia Catedral de Reconquista invita a <a class=\"mh-excerpt-more\" href=\"https:\/\/www.obispadorqta.org.ar\/v3\/mes-de-maria-parroquia-inmaculada-concepcion\/\" title=\"MES DE MAR\u00cdA, PARROQUIA \u00abINMACULADA CONCEPCI\u00d3N\u00bb\">[&#8230;]<\/a><\/p>\n<\/div>","protected":false},"author":3,"featured_media":5946,"comment_status":"closed","ping_status":"open","sticky":false,"template":"","format":"standard","meta":{"footnotes":""},"categories":[6,28],"tags":[],"class_list":["post-7039","post","type-post","status-publish","format-standard","has-post-thumbnail","hentry","category-news","category-latest-news"],"_links":{"self":[{"href":"https:\/\/www.obispadorqta.org.ar\/v3\/wp-json\/wp\/v2\/posts\/7039","targetHints":{"allow":["GET"]}}],"collection":[{"href":"https:\/\/www.obispadorqta.org.ar\/v3\/wp-json\/wp\/v2\/posts"}],"about":[{"href":"https:\/\/www.obispadorqta.org.ar\/v3\/wp-json\/wp\/v2\/types\/post"}],"author":[{"embeddable":true,"href":"https:\/\/www.obispadorqta.org.ar\/v3\/wp-json\/wp\/v2\/users\/3"}],"replies":[{"embeddable":true,"href":"https:\/\/www.obispadorqta.org.ar\/v3\/wp-json\/wp\/v2\/comments?post=7039"}],"version-history":[{"count":2,"href":"https:\/\/www.obispadorqta.org.ar\/v3\/wp-json\/wp\/v2\/posts\/7039\/revisions"}],"predecessor-version":[{"id":7046,"href":"https:\/\/www.obispadorqta.org.ar\/v3\/wp-json\/wp\/v2\/posts\/7039\/revisions\/7046"}],"wp:featuredmedia":[{"embeddable":true,"href":"https:\/\/www.obispadorqta.org.ar\/v3\/wp-json\/wp\/v2\/media\/5946"}],"wp:attachment":[{"href":"https:\/\/www.obispadorqta.org.ar\/v3\/wp-json\/wp\/v2\/media?parent=7039"}],"wp:term":[{"taxonomy":"category","embeddable":true,"href":"https:\/\/www.obispadorqta.org.ar\/v3\/wp-json\/wp\/v2\/categories?post=7039"},{"taxonomy":"post_tag","embeddable":true,"href":"https:\/\/www.obispadorqta.org.ar\/v3\/wp-json\/wp\/v2\/tags?post=7039"}],"curies":[{"name":"wp","href":"https:\/\/api.w.org\/{rel}","templated":true}]}}