{"id":7047,"date":"2021-11-18T09:02:38","date_gmt":"2021-11-18T12:02:38","guid":{"rendered":"http:\/\/www.obispadorqta.org.ar\/v3\/?p=7047"},"modified":"2021-11-18T09:05:21","modified_gmt":"2021-11-18T12:05:21","slug":"colecta-anual-para-el-apostolado-laico-8","status":"publish","type":"post","link":"https:\/\/www.obispadorqta.org.ar\/v3\/colecta-anual-para-el-apostolado-laico-8\/","title":{"rendered":"Colecta Anual para el Apostolado Laico."},"content":{"rendered":"<p style=\"text-align: justify;\"><span style=\"color: #000000;\">Este fin de semana, <strong>20 y 21 de noviembre<\/strong>, Solemnidad de Cristo Rey, se realizara en todas las parroquias de la di\u00f3cesis, la <strong>Colecta Anual para el Apostolado Laico.<\/strong><\/span><\/p>\n<p style=\"text-align: justify;\"><span style=\"color: #000000;\">El prop\u00f3sito de esta Campa\u00f1a es que crezcamos en la alegr\u00eda de ser Iglesia y de contribuir con lo necesario para su sostenimiento. Participar en la misi\u00f3n apost\u00f3lica de la Iglesia responde al llamado que nos hace Cristo a todos para ser disc\u00edpulos y misioneros suyos. <\/span><span style=\"color: #000000;\">Esta Colecta contribuye a sostener el mantenimiento de la Sede Diocesana (Servicio de limpieza, Secretar\u00eda, Tel\u00e9fono, Luz, Gas, etc.).&nbsp;<\/span><\/p>\n<p style=\"text-align: justify;\"><span style=\"color: #000000;\"><strong><em>\u201cEl que es generoso, prospera; el que da, tambi\u00e9n recibe\u201d<\/em> <\/strong>(Proverbios 11:25). Animamos a todos los cat\u00f3licos a sostener la misi\u00f3n evangelizadora de nuestra Iglesia, no solo con bienes, sino tambi\u00e9n con tiempo y talentos puestos a servicio de \u00e9sta.<\/span><\/p>\n","protected":false},"excerpt":{"rendered":"<div class=\"mh-excerpt\"><p>Este fin de semana, 20 y 21 de noviembre, Solemnidad de Cristo Rey, se realizara en todas las parroquias de la di\u00f3cesis, la Colecta Anual <a class=\"mh-excerpt-more\" href=\"https:\/\/www.obispadorqta.org.ar\/v3\/colecta-anual-para-el-apostolado-laico-8\/\" title=\"Colecta Anual para el Apostolado Laico.\">[&#8230;]<\/a><\/p>\n<\/div>","protected":false},"author":3,"featured_media":7050,"comment_status":"closed","ping_status":"open","sticky":false,"template":"","format":"standard","meta":{"footnotes":""},"categories":[6,28],"tags":[],"class_list":["post-7047","post","type-post","status-publish","format-standard","has-post-thumbnail","hentry","category-news","category-latest-news"],"_links":{"self":[{"href":"https:\/\/www.obispadorqta.org.ar\/v3\/wp-json\/wp\/v2\/posts\/7047","targetHints":{"allow":["GET"]}}],"collection":[{"href":"https:\/\/www.obispadorqta.org.ar\/v3\/wp-json\/wp\/v2\/posts"}],"about":[{"href":"https:\/\/www.obispadorqta.org.ar\/v3\/wp-json\/wp\/v2\/types\/post"}],"author":[{"embeddable":true,"href":"https:\/\/www.obispadorqta.org.ar\/v3\/wp-json\/wp\/v2\/users\/3"}],"replies":[{"embeddable":true,"href":"https:\/\/www.obispadorqta.org.ar\/v3\/wp-json\/wp\/v2\/comments?post=7047"}],"version-history":[{"count":3,"href":"https:\/\/www.obispadorqta.org.ar\/v3\/wp-json\/wp\/v2\/posts\/7047\/revisions"}],"predecessor-version":[{"id":7054,"href":"https:\/\/www.obispadorqta.org.ar\/v3\/wp-json\/wp\/v2\/posts\/7047\/revisions\/7054"}],"wp:featuredmedia":[{"embeddable":true,"href":"https:\/\/www.obispadorqta.org.ar\/v3\/wp-json\/wp\/v2\/media\/7050"}],"wp:attachment":[{"href":"https:\/\/www.obispadorqta.org.ar\/v3\/wp-json\/wp\/v2\/media?parent=7047"}],"wp:term":[{"taxonomy":"category","embeddable":true,"href":"https:\/\/www.obispadorqta.org.ar\/v3\/wp-json\/wp\/v2\/categories?post=7047"},{"taxonomy":"post_tag","embeddable":true,"href":"https:\/\/www.obispadorqta.org.ar\/v3\/wp-json\/wp\/v2\/tags?post=7047"}],"curies":[{"name":"wp","href":"https:\/\/api.w.org\/{rel}","templated":true}]}}