{"id":7055,"date":"2021-11-24T09:11:11","date_gmt":"2021-11-24T12:11:11","guid":{"rendered":"http:\/\/www.obispadorqta.org.ar\/v3\/?p=7055"},"modified":"2021-11-24T09:19:53","modified_gmt":"2021-11-24T12:19:53","slug":"aniversario-episcopal-mons-angel-jose-macin","status":"publish","type":"post","link":"https:\/\/www.obispadorqta.org.ar\/v3\/aniversario-episcopal-mons-angel-jose-macin\/","title":{"rendered":"Aniversario Episcopal Mons. \u00c1ngel Jos\u00e9 Mac\u00edn"},"content":{"rendered":"<p style=\"text-align: justify;\">Hoy, 24 de noviembre de 2021, celebramos y damos gracias a Dios por el 8\u00b0 Aniversario de Ordenaci\u00f3n Episcopal de nuestro obispo y pastor, Monse\u00f1or \u00c1ngel Jos\u00e9 Mac\u00edn.<\/p>\n<p style=\"text-align: justify;\">En este d\u00eda tuvo la gracia de ser recibido en audiencia general por Su Santidad, el Papa Francisco, quien lo alent\u00f3 a continuar con el estilo Pastoral de acompa\u00f1amiento y env\u00eda su bendici\u00f3n apost\u00f3lica a toda la di\u00f3cesis de Reconquista.<\/p>\n<p style=\"text-align: justify;\">Con gran afecto agradecemos su fidelidad y testimonio de vida y lo encomendamos al Se\u00f1or para que pueda seguir siendo Padre, hermano y amigo de todos.<\/p>\n","protected":false},"excerpt":{"rendered":"<div class=\"mh-excerpt\"><p>Hoy, 24 de noviembre de 2021, celebramos y damos gracias a Dios por el 8\u00b0 Aniversario de Ordenaci\u00f3n Episcopal de nuestro obispo y pastor, Monse\u00f1or <a class=\"mh-excerpt-more\" href=\"https:\/\/www.obispadorqta.org.ar\/v3\/aniversario-episcopal-mons-angel-jose-macin\/\" title=\"Aniversario Episcopal Mons. \u00c1ngel Jos\u00e9 Mac\u00edn\">[&#8230;]<\/a><\/p>\n<\/div>","protected":false},"author":3,"featured_media":7059,"comment_status":"closed","ping_status":"open","sticky":false,"template":"","format":"standard","meta":{"footnotes":""},"categories":[6,28],"tags":[],"class_list":["post-7055","post","type-post","status-publish","format-standard","has-post-thumbnail","hentry","category-news","category-latest-news"],"_links":{"self":[{"href":"https:\/\/www.obispadorqta.org.ar\/v3\/wp-json\/wp\/v2\/posts\/7055","targetHints":{"allow":["GET"]}}],"collection":[{"href":"https:\/\/www.obispadorqta.org.ar\/v3\/wp-json\/wp\/v2\/posts"}],"about":[{"href":"https:\/\/www.obispadorqta.org.ar\/v3\/wp-json\/wp\/v2\/types\/post"}],"author":[{"embeddable":true,"href":"https:\/\/www.obispadorqta.org.ar\/v3\/wp-json\/wp\/v2\/users\/3"}],"replies":[{"embeddable":true,"href":"https:\/\/www.obispadorqta.org.ar\/v3\/wp-json\/wp\/v2\/comments?post=7055"}],"version-history":[{"count":2,"href":"https:\/\/www.obispadorqta.org.ar\/v3\/wp-json\/wp\/v2\/posts\/7055\/revisions"}],"predecessor-version":[{"id":7058,"href":"https:\/\/www.obispadorqta.org.ar\/v3\/wp-json\/wp\/v2\/posts\/7055\/revisions\/7058"}],"wp:featuredmedia":[{"embeddable":true,"href":"https:\/\/www.obispadorqta.org.ar\/v3\/wp-json\/wp\/v2\/media\/7059"}],"wp:attachment":[{"href":"https:\/\/www.obispadorqta.org.ar\/v3\/wp-json\/wp\/v2\/media?parent=7055"}],"wp:term":[{"taxonomy":"category","embeddable":true,"href":"https:\/\/www.obispadorqta.org.ar\/v3\/wp-json\/wp\/v2\/categories?post=7055"},{"taxonomy":"post_tag","embeddable":true,"href":"https:\/\/www.obispadorqta.org.ar\/v3\/wp-json\/wp\/v2\/tags?post=7055"}],"curies":[{"name":"wp","href":"https:\/\/api.w.org\/{rel}","templated":true}]}}