{"id":7062,"date":"2021-11-25T08:41:28","date_gmt":"2021-11-25T11:41:28","guid":{"rendered":"http:\/\/www.obispadorqta.org.ar\/v3\/?p=7062"},"modified":"2021-11-25T08:43:55","modified_gmt":"2021-11-25T11:43:55","slug":"adviento-escucha-y-espera","status":"publish","type":"post","link":"https:\/\/www.obispadorqta.org.ar\/v3\/adviento-escucha-y-espera\/","title":{"rendered":"ADVIENTO, ESCUCHA Y ESPERA"},"content":{"rendered":"<p style=\"text-align: justify;\">Estamos a un paso de comenzar un nuevo a\u00f1o lit\u00fargico, con la apertura solemne del adviento. Este tiempo, peri\u00f3dicamente, nos invita a ponernos en camino y a buscar el sentido de nuestra vida y nuestra historia.<\/p>\n<p style=\"text-align: justify;\">Este a\u00f1o, el adviento estar\u00e1 especialmente marcado por la \u00abescucha\u00bb, palpitando junto miles de hermanos del continente, la Asamblea de Am\u00e9rica, y ya transitando como di\u00f3cesis los primeros pasos del s\u00ednodo.<\/p>\n<p style=\"text-align: justify;\">Tambi\u00e9n la \u00abespera\u00bb de la irrupci\u00f3n del Esp\u00edritu, de la actualizaci\u00f3n del misterio de la encarnaci\u00f3n nos movilizar\u00e1 en las pr\u00f3ximas semanas.<\/p>\n<p style=\"text-align: justify;\">Estemos atentos, abiertos a lo que el Se\u00f1or nos quiere decir en el adviento que comenzamos.<\/p>\n","protected":false},"excerpt":{"rendered":"<div class=\"mh-excerpt\"><p>Estamos a un paso de comenzar un nuevo a\u00f1o lit\u00fargico, con la apertura solemne del adviento. Este tiempo, peri\u00f3dicamente, nos invita a ponernos en camino <a class=\"mh-excerpt-more\" href=\"https:\/\/www.obispadorqta.org.ar\/v3\/adviento-escucha-y-espera\/\" title=\"ADVIENTO, ESCUCHA Y ESPERA\">[&#8230;]<\/a><\/p>\n<\/div>","protected":false},"author":3,"featured_media":7067,"comment_status":"closed","ping_status":"open","sticky":false,"template":"","format":"standard","meta":{"footnotes":""},"categories":[6,28],"tags":[],"class_list":["post-7062","post","type-post","status-publish","format-standard","has-post-thumbnail","hentry","category-news","category-latest-news"],"_links":{"self":[{"href":"https:\/\/www.obispadorqta.org.ar\/v3\/wp-json\/wp\/v2\/posts\/7062","targetHints":{"allow":["GET"]}}],"collection":[{"href":"https:\/\/www.obispadorqta.org.ar\/v3\/wp-json\/wp\/v2\/posts"}],"about":[{"href":"https:\/\/www.obispadorqta.org.ar\/v3\/wp-json\/wp\/v2\/types\/post"}],"author":[{"embeddable":true,"href":"https:\/\/www.obispadorqta.org.ar\/v3\/wp-json\/wp\/v2\/users\/3"}],"replies":[{"embeddable":true,"href":"https:\/\/www.obispadorqta.org.ar\/v3\/wp-json\/wp\/v2\/comments?post=7062"}],"version-history":[{"count":1,"href":"https:\/\/www.obispadorqta.org.ar\/v3\/wp-json\/wp\/v2\/posts\/7062\/revisions"}],"predecessor-version":[{"id":7064,"href":"https:\/\/www.obispadorqta.org.ar\/v3\/wp-json\/wp\/v2\/posts\/7062\/revisions\/7064"}],"wp:featuredmedia":[{"embeddable":true,"href":"https:\/\/www.obispadorqta.org.ar\/v3\/wp-json\/wp\/v2\/media\/7067"}],"wp:attachment":[{"href":"https:\/\/www.obispadorqta.org.ar\/v3\/wp-json\/wp\/v2\/media?parent=7062"}],"wp:term":[{"taxonomy":"category","embeddable":true,"href":"https:\/\/www.obispadorqta.org.ar\/v3\/wp-json\/wp\/v2\/categories?post=7062"},{"taxonomy":"post_tag","embeddable":true,"href":"https:\/\/www.obispadorqta.org.ar\/v3\/wp-json\/wp\/v2\/tags?post=7062"}],"curies":[{"name":"wp","href":"https:\/\/api.w.org\/{rel}","templated":true}]}}