{"id":7069,"date":"2021-11-25T08:56:16","date_gmt":"2021-11-25T11:56:16","guid":{"rendered":"http:\/\/www.obispadorqta.org.ar\/v3\/?p=7069"},"modified":"2021-11-25T08:56:37","modified_gmt":"2021-11-25T11:56:37","slug":"cierre-ano-formativo-en-el-seminario","status":"publish","type":"post","link":"https:\/\/www.obispadorqta.org.ar\/v3\/cierre-ano-formativo-en-el-seminario\/","title":{"rendered":"CIERRE A\u00d1O FORMATIVO EN EL SEMINARIO"},"content":{"rendered":"<p style=\"text-align: justify;\">El pr\u00f3ximo lunes 29 de noviembre tendr\u00e1 lugar el cierre del a\u00f1o formativo en el Seminario Interdiocesano \u00abLa Encarnaci\u00f3n\u00bb. Este a\u00f1o, con alegr\u00eda acompa\u00f1amos al Diac. Luciano Carneiro, quien concluye su formaci\u00f3n inicial, y ya est\u00e1 pr\u00f3ximo a la ordenaci\u00f3n sacerdotal.<\/p>\n<p style=\"text-align: justify;\">Que este evento sea una ocasi\u00f3n m\u00e1s para acrecentar nuestra oraci\u00f3n por las vocaciones.<\/p>\n","protected":false},"excerpt":{"rendered":"<div class=\"mh-excerpt\"><p>El pr\u00f3ximo lunes 29 de noviembre tendr\u00e1 lugar el cierre del a\u00f1o formativo en el Seminario Interdiocesano \u00abLa Encarnaci\u00f3n\u00bb. Este a\u00f1o, con alegr\u00eda acompa\u00f1amos al <a class=\"mh-excerpt-more\" href=\"https:\/\/www.obispadorqta.org.ar\/v3\/cierre-ano-formativo-en-el-seminario\/\" title=\"CIERRE A\u00d1O FORMATIVO EN EL SEMINARIO\">[&#8230;]<\/a><\/p>\n<\/div>","protected":false},"author":3,"featured_media":7070,"comment_status":"closed","ping_status":"open","sticky":false,"template":"","format":"standard","meta":{"footnotes":""},"categories":[6,28],"tags":[],"class_list":["post-7069","post","type-post","status-publish","format-standard","has-post-thumbnail","hentry","category-news","category-latest-news"],"_links":{"self":[{"href":"https:\/\/www.obispadorqta.org.ar\/v3\/wp-json\/wp\/v2\/posts\/7069","targetHints":{"allow":["GET"]}}],"collection":[{"href":"https:\/\/www.obispadorqta.org.ar\/v3\/wp-json\/wp\/v2\/posts"}],"about":[{"href":"https:\/\/www.obispadorqta.org.ar\/v3\/wp-json\/wp\/v2\/types\/post"}],"author":[{"embeddable":true,"href":"https:\/\/www.obispadorqta.org.ar\/v3\/wp-json\/wp\/v2\/users\/3"}],"replies":[{"embeddable":true,"href":"https:\/\/www.obispadorqta.org.ar\/v3\/wp-json\/wp\/v2\/comments?post=7069"}],"version-history":[{"count":1,"href":"https:\/\/www.obispadorqta.org.ar\/v3\/wp-json\/wp\/v2\/posts\/7069\/revisions"}],"predecessor-version":[{"id":7071,"href":"https:\/\/www.obispadorqta.org.ar\/v3\/wp-json\/wp\/v2\/posts\/7069\/revisions\/7071"}],"wp:featuredmedia":[{"embeddable":true,"href":"https:\/\/www.obispadorqta.org.ar\/v3\/wp-json\/wp\/v2\/media\/7070"}],"wp:attachment":[{"href":"https:\/\/www.obispadorqta.org.ar\/v3\/wp-json\/wp\/v2\/media?parent=7069"}],"wp:term":[{"taxonomy":"category","embeddable":true,"href":"https:\/\/www.obispadorqta.org.ar\/v3\/wp-json\/wp\/v2\/categories?post=7069"},{"taxonomy":"post_tag","embeddable":true,"href":"https:\/\/www.obispadorqta.org.ar\/v3\/wp-json\/wp\/v2\/tags?post=7069"}],"curies":[{"name":"wp","href":"https:\/\/api.w.org\/{rel}","templated":true}]}}