{"id":7078,"date":"2021-12-02T22:43:30","date_gmt":"2021-12-03T01:43:30","guid":{"rendered":"http:\/\/www.obispadorqta.org.ar\/v3\/?p=7078"},"modified":"2021-12-02T22:46:32","modified_gmt":"2021-12-03T01:46:32","slug":"regreso-de-nuestro-obispo","status":"publish","type":"post","link":"https:\/\/www.obispadorqta.org.ar\/v3\/regreso-de-nuestro-obispo\/","title":{"rendered":"REGRESO DE NUESTRO OBISPO"},"content":{"rendered":"<p style=\"text-align: justify;\">Despu\u00e9s de participar en la 119\u00b0 Asamblea Plenaria del Episcopado, y luego de un viaje de quince d\u00edas a Alemania e Italia, que incluy\u00f3 un encuentro personal con el Papa Francisco, junto a otras gestiones vinculadas a su oficio, en el d\u00eda de ayer, 1 de Diciembre de 2021, regres\u00f3 a Reconquista Mons. \u00c1ngel Jos\u00e9 Mac\u00edn, quien despu\u00e9s de cumplir con los requisitos requeridos para el traslado internacional, ahora se encuentra en buen estado de salud, transitando los d\u00edas de \u00abdistanciamiento obligatorio\u00bb que prev\u00e9e&nbsp;la legislaci\u00f3n vigente de nuestro pa\u00eds para estos casos.<\/p>\n<p style=\"text-align: justify;\">En algunos d\u00edas, Dios mediante, retomar\u00e1 de un modo m\u00e1s visible la agenda diocesana.<\/p>\n","protected":false},"excerpt":{"rendered":"<div class=\"mh-excerpt\"><p>Despu\u00e9s de participar en la 119\u00b0 Asamblea Plenaria del Episcopado, y luego de un viaje de quince d\u00edas a Alemania e Italia, que incluy\u00f3 un <a class=\"mh-excerpt-more\" href=\"https:\/\/www.obispadorqta.org.ar\/v3\/regreso-de-nuestro-obispo\/\" title=\"REGRESO DE NUESTRO OBISPO\">[&#8230;]<\/a><\/p>\n<\/div>","protected":false},"author":3,"featured_media":7082,"comment_status":"closed","ping_status":"open","sticky":false,"template":"","format":"standard","meta":{"footnotes":""},"categories":[6,28],"tags":[],"class_list":["post-7078","post","type-post","status-publish","format-standard","has-post-thumbnail","hentry","category-news","category-latest-news"],"_links":{"self":[{"href":"https:\/\/www.obispadorqta.org.ar\/v3\/wp-json\/wp\/v2\/posts\/7078","targetHints":{"allow":["GET"]}}],"collection":[{"href":"https:\/\/www.obispadorqta.org.ar\/v3\/wp-json\/wp\/v2\/posts"}],"about":[{"href":"https:\/\/www.obispadorqta.org.ar\/v3\/wp-json\/wp\/v2\/types\/post"}],"author":[{"embeddable":true,"href":"https:\/\/www.obispadorqta.org.ar\/v3\/wp-json\/wp\/v2\/users\/3"}],"replies":[{"embeddable":true,"href":"https:\/\/www.obispadorqta.org.ar\/v3\/wp-json\/wp\/v2\/comments?post=7078"}],"version-history":[{"count":3,"href":"https:\/\/www.obispadorqta.org.ar\/v3\/wp-json\/wp\/v2\/posts\/7078\/revisions"}],"predecessor-version":[{"id":7085,"href":"https:\/\/www.obispadorqta.org.ar\/v3\/wp-json\/wp\/v2\/posts\/7078\/revisions\/7085"}],"wp:featuredmedia":[{"embeddable":true,"href":"https:\/\/www.obispadorqta.org.ar\/v3\/wp-json\/wp\/v2\/media\/7082"}],"wp:attachment":[{"href":"https:\/\/www.obispadorqta.org.ar\/v3\/wp-json\/wp\/v2\/media?parent=7078"}],"wp:term":[{"taxonomy":"category","embeddable":true,"href":"https:\/\/www.obispadorqta.org.ar\/v3\/wp-json\/wp\/v2\/categories?post=7078"},{"taxonomy":"post_tag","embeddable":true,"href":"https:\/\/www.obispadorqta.org.ar\/v3\/wp-json\/wp\/v2\/tags?post=7078"}],"curies":[{"name":"wp","href":"https:\/\/api.w.org\/{rel}","templated":true}]}}